{"id":278132,"date":"2026-07-16T17:23:09","date_gmt":"2026-07-16T17:23:09","guid":{"rendered":"https:\/\/www.europesays.com\/at\/278132\/"},"modified":"2026-07-16T17:23:09","modified_gmt":"2026-07-16T17:23:09","slug":"gerichtshof-der-europaeischen-union-mitten-in-europa-spaltet-der-brenner","status":"publish","type":"post","link":"https:\/\/www.europesays.com\/at\/278132\/","title":{"rendered":"Gerichtshof der Europ\u00e4ischen Union: Mitten in Europa spaltet der Brenner"},"content":{"rendered":"<p>\n                        Italien hat gegen \u00d6sterreichs Fahrbeschr\u00e4nkungen f\u00fcr Lkw geklagt. Der Generalanwalt empfiehlt dem EuGH eine Entscheidung pro Italien. Was bedeutet das f\u00fcr Urlauber?\n                    <\/p>\n<p>        16. Juli 2026, 18:45 Uhr\n    <\/p>\n<p>                Schlie\u00dfen<br \/>\n                Artikelzusammenfassung<\/p>\n<p>Der \u00bbbollino nero\u00ab sorgt f\u00fcr Chaos auf der Brennerautobahn: Stauwarnstufe Schwarz bedeutet h\u00f6chste Verkehrsbelastung. Im Transit-Streit zwischen Italien und \u00d6sterreich steht das Ende der Tiroler Fahrverbote bevor. Der Generalanwalt am EuGH empfiehlt, die Beschr\u00e4nkungen zu kippen, da sie gegen EU-Recht versto\u00dfen. Italien klagte gegen vier Tiroler Ma\u00dfnahmen, von denen drei als unionsrechtswidrig eingestuft wurden. Der Brenner spaltet Europa, w\u00e4hrend der Verkehr weiter zunimmt und die Diskussion um Umwelt- und Gesundheitsschutz versus freien Warenverkehr an Fahrt gewinnt.<\/p>\n<p>                Diese Zusammenfassung wurde mithilfe von K\u00fcnstlicher Intelligenz erstellt. Vereinzelt kann es dabei zu Fehlern kommen.<\/p>\n<p class=\"summy__feedback-paragraph\">Fanden Sie die Zusammenfassung hilfreich? <\/p>\n<p>                        Gef\u00e4llt mir<\/p>\n<p>                        Gef\u00e4llt mir<\/p>\n<p>                        Gef\u00e4llt mir nicht<\/p>\n<p>                        Gef\u00e4llt mir nicht<\/p>\n<p>                        Send<\/p>\n<p>            <img decoding=\"async\" class=\"article__media-item\" src=\"https:\/\/www.europesays.com\/at\/wp-content\/uploads\/2026\/07\/1784222589_415_wide__1000x562.jpeg\" alt=\"Gerichtshof der Europ\u00e4ischen Union: So wenig ist selten los: Die Brenner-Autobahn bei Patsch nahe Innsbruck\"\/><\/p>\n<p>                    So wenig ist selten los: Die Brenner-Autobahn bei Patsch nahe Innsbruck<br \/>\n            \u00a9\u00a0[M] DIE ZEIT; Ulrich Wagner\/\u200bimago images<\/p>\n<p class=\"paragraph\">Auf der italienischen Brennerautobahn gilt f\u00fcr dieses Wochenende der \u00bbbollino nero\u00ab. Der schwarze Punkt steht f\u00fcr die h\u00f6chste Stauwarnstufe, sehr starker Reiseverkehr. Er gilt im Juli und August an den meisten Wochenenden. <a href=\"https:\/\/www.autobrennero.it\/de\/auf-der-reise\/reiseinfos\/verkehrsprognose\/\" target=\"_blank\" rel=\"nofollow noopener\">Die Brenner-Betreibergesellschaft empfiehlt<\/a> Urlaubern dann, die Autobahn tags\u00fcber zu meiden. <a href=\"https:\/\/curia.europa.eu\/site\/upload\/docs\/application\/pdf\/2026-07\/cp260111de.pdf\" target=\"_blank\" rel=\"nofollow noopener\">Eine Empfehlung<\/a> kam am Donnerstag auch aus Luxemburg \u2013 mit erheblich gr\u00f6\u00dferer Tragweite. Im jahrelangen <a href=\"https:\/\/www.zeit.de\/2024\/35\/brennerpass-grenze-oesterreich-italien-verkehr\" target=\"_blank\" rel=\"nofollow noopener\">Transit-Streit zwischen Italien und \u00d6sterreich<\/a> legte der Generalanwalt am <a class=\"rtr-entity\" href=\"https:\/\/www.zeit.de\/thema\/eugh\" rel=\"nofollow noopener\" target=\"_blank\">Europ\u00e4ischen Gerichtshof<\/a> (EuGH) den Richtern nahe, die Tiroler Fahrverbote zu kippen. Sie versto\u00dfen seiner Ansicht nach gegen EU-Recht.<\/p>\n","protected":false},"excerpt":{"rendered":"Italien hat gegen \u00d6sterreichs Fahrbeschr\u00e4nkungen f\u00fcr Lkw geklagt. Der Generalanwalt empfiehlt dem EuGH eine Entscheidung pro Italien. Was&hellip;\n","protected":false},"author":2,"featured_media":278133,"comment_status":"","ping_status":"","sticky":false,"template":"","format":"standard","meta":{"footnotes":"","_share_on_mastodon":"0"},"categories":[3],"tags":[14588,44648,76,8699,75,74,74479,1012,6228,4160,44],"class_list":["post-278132","post","type-post","status-publish","format-standard","has-post-thumbnail","category-europa","tag-autobahn","tag-brennerautobahn","tag-eu","tag-eugh","tag-europa","tag-europe","tag-gerichtshof-der-europaeischen-union","tag-italien","tag-lkw","tag-mobilitaet","tag-oesterreich"],"share_on_mastodon":{"url":"https:\/\/pubeurope.com\/@at\/116930819404623700","error":""},"_links":{"self":[{"href":"https:\/\/www.europesays.com\/at\/wp-json\/wp\/v2\/posts\/278132","targetHints":{"allow":["GET"]}}],"collection":[{"href":"https:\/\/www.europesays.com\/at\/wp-json\/wp\/v2\/posts"}],"about":[{"href":"https:\/\/www.europesays.com\/at\/wp-json\/wp\/v2\/types\/post"}],"author":[{"embeddable":true,"href":"https:\/\/www.europesays.com\/at\/wp-json\/wp\/v2\/users\/2"}],"replies":[{"embeddable":true,"href":"https:\/\/www.europesays.com\/at\/wp-json\/wp\/v2\/comments?post=278132"}],"version-history":[{"count":0,"href":"https:\/\/www.europesays.com\/at\/wp-json\/wp\/v2\/posts\/278132\/revisions"}],"wp:featuredmedia":[{"embeddable":true,"href":"https:\/\/www.europesays.com\/at\/wp-json\/wp\/v2\/media\/278133"}],"wp:attachment":[{"href":"https:\/\/www.europesays.com\/at\/wp-json\/wp\/v2\/media?parent=278132"}],"wp:term":[{"taxonomy":"category","embeddable":true,"href":"https:\/\/www.europesays.com\/at\/wp-json\/wp\/v2\/categories?post=278132"},{"taxonomy":"post_tag","embeddable":true,"href":"https:\/\/www.europesays.com\/at\/wp-json\/wp\/v2\/tags?post=278132"}],"curies":[{"name":"wp","href":"https:\/\/api.w.org\/{rel}","templated":true}]}}