{"id":278312,"date":"2026-07-16T19:19:11","date_gmt":"2026-07-16T19:19:11","guid":{"rendered":"https:\/\/www.europesays.com\/at\/278312\/"},"modified":"2026-07-16T19:19:11","modified_gmt":"2026-07-16T19:19:11","slug":"berlin-zahlt-675-000-euro-fuer-telefonseelsorge-an-islamisten-politik","status":"publish","type":"post","link":"https:\/\/www.europesays.com\/at\/278312\/","title":{"rendered":"\u00b4Berlin zahlt 675.000 Euro f\u00fcr Telefonseelsorge an Islamisten | Politik"},"content":{"rendered":"<p>Der Berliner Senat zahlt jedes Jahr 135.000 Euro an ein muslimisches Seelsorgetelefon, das von Islamic Relief Deutschland betrieben wird \u2013 einer Organisation, die von Sicherheitsbeh\u00f6rden wegen mutma\u00dflicher N\u00e4he zur Muslimbruderschaft beobachtet wird. Bis 2026 kommen so 675.000 Euro zusammen. <\/p>\n<p>Wie kann das sein? Was sagen CDU und SPD? Die Antworten und welche Risiken Staatssch\u00fctzer sehen, lesen Sie mit BILDplus. Abonnieren Sie jetzt BILDplus f\u00fcr alle Hintergr\u00fcnde.<\/p>\n","protected":false},"excerpt":{"rendered":"Der Berliner Senat zahlt jedes Jahr 135.000 Euro an ein muslimisches Seelsorgetelefon, das von Islamic Relief Deutschland betrieben&hellip;\n","protected":false},"author":2,"featured_media":278313,"comment_status":"","ping_status":"","sticky":false,"template":"","format":"standard","meta":{"footnotes":"","_share_on_mastodon":"0"},"categories":[12],"tags":[74520,74521,11588,40,41,39,4892,74523,63179,74522,66,65,64],"class_list":["post-278312","post","type-post","status-publish","format-standard","has-post-thumbnail","category-welt","tag-berliner-senat","tag-ina-czyborra","tag-islamismus","tag-nachrichten","tag-news","tag-schlagzeilen","tag-spd","tag-staatliche-foerderungen","tag-team-deep","tag-telefon","tag-welt","tag-world","tag-world-news"],"share_on_mastodon":{"url":"https:\/\/pubeurope.com\/@at\/116931275534193027","error":""},"_links":{"self":[{"href":"https:\/\/www.europesays.com\/at\/wp-json\/wp\/v2\/posts\/278312","targetHints":{"allow":["GET"]}}],"collection":[{"href":"https:\/\/www.europesays.com\/at\/wp-json\/wp\/v2\/posts"}],"about":[{"href":"https:\/\/www.europesays.com\/at\/wp-json\/wp\/v2\/types\/post"}],"author":[{"embeddable":true,"href":"https:\/\/www.europesays.com\/at\/wp-json\/wp\/v2\/users\/2"}],"replies":[{"embeddable":true,"href":"https:\/\/www.europesays.com\/at\/wp-json\/wp\/v2\/comments?post=278312"}],"version-history":[{"count":0,"href":"https:\/\/www.europesays.com\/at\/wp-json\/wp\/v2\/posts\/278312\/revisions"}],"wp:featuredmedia":[{"embeddable":true,"href":"https:\/\/www.europesays.com\/at\/wp-json\/wp\/v2\/media\/278313"}],"wp:attachment":[{"href":"https:\/\/www.europesays.com\/at\/wp-json\/wp\/v2\/media?parent=278312"}],"wp:term":[{"taxonomy":"category","embeddable":true,"href":"https:\/\/www.europesays.com\/at\/wp-json\/wp\/v2\/categories?post=278312"},{"taxonomy":"post_tag","embeddable":true,"href":"https:\/\/www.europesays.com\/at\/wp-json\/wp\/v2\/tags?post=278312"}],"curies":[{"name":"wp","href":"https:\/\/api.w.org\/{rel}","templated":true}]}}