{"id":278398,"date":"2026-07-16T20:18:13","date_gmt":"2026-07-16T20:18:13","guid":{"rendered":"https:\/\/www.europesays.com\/at\/278398\/"},"modified":"2026-07-16T20:18:13","modified_gmt":"2026-07-16T20:18:13","slug":"argentiniens-praesident-milei-verzichtet-auf-wm-finale","status":"publish","type":"post","link":"https:\/\/www.europesays.com\/at\/278398\/","title":{"rendered":"Argentiniens Pr\u00e4sident Milei verzichtet auf WM-Finale"},"content":{"rendered":"<p> <img decoding=\"async\" src=\"https:\/\/www.europesays.com\/at\/wp-content\/uploads\/2026\/07\/02a2a0a4fe36d4afd67f4fc4722336ab0110ae25.jpg\" alt=\"\"\/> <\/p>\n<p>\t\t\t\t\tDer argentinische Pr\u00e4sident Javier Milei verzichtet auch aus Aberglaube auf einen Besuch des WM-Finals. Er werde &#8222;unter keinen Umst\u00e4nden&#8220; mit seinem Gl\u00fccksritual brechen, die WM-Spiele vom Pr\u00e4sidentensitz aus zu verfolgen, sagte der 55-J\u00e4hrige am Donnerstag dem Radiosender El Observador. Weltmeister Argentinien trifft am Sonntag (21.00 Uhr MESZ\/ZDF und MagentaTV) in East Rutherford auf Europameister Spanien.<\/p>\n<p><img decoding=\"async\" src=\"https:\/\/www.europesays.com\/at\/wp-content\/uploads\/2026\/07\/dbd3b9ecd7d05c679ee65664c365d30d8ef3c948.jpg\" alt=\"Javier Milei bleibt in Buenos Aires (Foto: AFP\/SID\/LUIS ROBAYO)\"\/><\/p>\n<p>Javier Milei bleibt in Buenos Aires<\/p>\n<p>Foto: AFP\/SID\/LUIS ROBAYO<\/p>\n<p>Milei verriet zudem ein weiteres Ritual, an dem er w\u00e4hrend dieser WM festgehalten hat: das Tragen einer dicken Jacke des \u00d6lunternehmens YPF. Der argentinische Staatschef trug die Jacke bereits beim Viertelfinale gegen die Schweiz (3:1). &#8222;Da es kalt war und ich die Heizung nicht einschaltete, zog ich die Jacke an. Sie hat mich richtig warm gehalten&#8220;, sagte er: &#8222;Als ich sie auszog, kassierten wir ein Gegentor &#8211; also zog ich sie wieder an und habe sie seitdem nicht mehr abgelegt.&#8220;<\/p>\n<p>Anders als Milei wird der spanische K\u00f6nig Felipe VI. ebenso wie US-Pr\u00e4sident Donald Trump am Sonntag beim Finale im Stadion sein.<\/p>\n<p class=\"text-secondary\">\u00a9 2026 SID<\/p>\n","protected":false},"excerpt":{"rendered":"Der argentinische Pr\u00e4sident Javier Milei verzichtet auch aus Aberglaube auf einen Besuch des WM-Finals. Er werde &#8222;unter keinen&hellip;\n","protected":false},"author":2,"featured_media":278399,"comment_status":"","ping_status":"","sticky":false,"template":"","format":"standard","meta":{"footnotes":"","_share_on_mastodon":"0"},"categories":[8],"tags":[74538,74536,40,41,39,38,27285,74537],"class_list":["post-278398","post","type-post","status-publish","format-standard","has-post-thumbnail","category-nachrichten","tag-aberglaube","tag-milei","tag-nachrichten","tag-news","tag-schlagzeilen","tag-top-meldungen","tag-wm-finale","tag-ypf"],"share_on_mastodon":{"url":"https:\/\/pubeurope.com\/@at\/116931507894311983","error":""},"_links":{"self":[{"href":"https:\/\/www.europesays.com\/at\/wp-json\/wp\/v2\/posts\/278398","targetHints":{"allow":["GET"]}}],"collection":[{"href":"https:\/\/www.europesays.com\/at\/wp-json\/wp\/v2\/posts"}],"about":[{"href":"https:\/\/www.europesays.com\/at\/wp-json\/wp\/v2\/types\/post"}],"author":[{"embeddable":true,"href":"https:\/\/www.europesays.com\/at\/wp-json\/wp\/v2\/users\/2"}],"replies":[{"embeddable":true,"href":"https:\/\/www.europesays.com\/at\/wp-json\/wp\/v2\/comments?post=278398"}],"version-history":[{"count":0,"href":"https:\/\/www.europesays.com\/at\/wp-json\/wp\/v2\/posts\/278398\/revisions"}],"wp:featuredmedia":[{"embeddable":true,"href":"https:\/\/www.europesays.com\/at\/wp-json\/wp\/v2\/media\/278399"}],"wp:attachment":[{"href":"https:\/\/www.europesays.com\/at\/wp-json\/wp\/v2\/media?parent=278398"}],"wp:term":[{"taxonomy":"category","embeddable":true,"href":"https:\/\/www.europesays.com\/at\/wp-json\/wp\/v2\/categories?post=278398"},{"taxonomy":"post_tag","embeddable":true,"href":"https:\/\/www.europesays.com\/at\/wp-json\/wp\/v2\/tags?post=278398"}],"curies":[{"name":"wp","href":"https:\/\/api.w.org\/{rel}","templated":true}]}}