{"id":278442,"date":"2026-07-16T20:50:08","date_gmt":"2026-07-16T20:50:08","guid":{"rendered":"https:\/\/www.europesays.com\/at\/278442\/"},"modified":"2026-07-16T20:50:08","modified_gmt":"2026-07-16T20:50:08","slug":"landet-emanuel-aiwu-in-zypern","status":"publish","type":"post","link":"https:\/\/www.europesays.com\/at\/278442\/","title":{"rendered":"Landet Emanuel Aiwu in Zypern?"},"content":{"rendered":"<p>Wo spielt <a href=\"https:\/\/www.laola1.at\/de\/daten\/news\/emanuel-aiwu\/\" class=\"tag\" rel=\"nofollow noopener\" target=\"_blank\">Emanuel Aiwu<\/a> in der anstehenden Saison?<\/p>\n<p>Den <a href=\"https:\/\/www.laola1.at\/de\/daten\/news\/fussball\/sk-sturm-graz\/\" class=\"tag\" rel=\"nofollow noopener\" target=\"_blank\">SK Sturm Graz<\/a> wird der 25-J\u00e4hrige voraussichtlich in diesem Sommer noch verlassen. &#8222;Es kommen vermehrt Angebote rein, aber es ist noch nicht das, was wir wollen&#8220;, sagte Gesch\u00e4ftsf\u00fchrer Sport Michael Parensen \u00fcber die Abgangskandidaten, zu denen Aiwu z\u00e4hlt. (<a target=\"_blank\" rel=\"noopener noreferrer nofollow\" href=\"https:\/\/www.laola1.at\/de\/red\/fussball\/bundesliga\/news\/parensen--sturm-verhandelt-mit-stuermer-und-verteidiger\/\">alle Infos &gt;&gt;&gt;<\/a>)<\/p>\n<p>Laut dem israelischen Medium &#8222;Sport&#8220; sei der Verteidiger ein <a target=\"_blank\" rel=\"noopener noreferrer nofollow\" href=\"https:\/\/www.laola1.at\/de\/red\/fussball\/bundesliga\/news\/aiwu--neuer-klub-gefunden-\/\">Kandidat bei Maccabi Haifa<\/a> &#8211; ebenso <a target=\"_blank\" rel=\"noopener noreferrer nofollow\" href=\"https:\/\/www.laola1.at\/de\/red\/fussball\/bundesliga\/news\/gibt-sturm-maurice-malone-nach-einem-jahr-wieder-ab-\/\">wie Maurice Malone<\/a>. Wie das zypriotische Sportmedium &#8222;ShootandGoal&#8220; nun schreibt, befindet sich Aiwu in &#8222;fortgeschrittenen Verhandlungen&#8220; mit Apollon Limassol.<\/p>\n<p>Apollon, das in der zweiten Runde zur UECL-Quali steht, soll ein &#8222;sehr gutes finanzielles Paket&#8220; f\u00fcr den Defensivspieler anbieten. Im Raum stehe zumindest ein Zweijahresvertrag f\u00fcr den fr\u00fcheren U-Nationalspieler. Der zypriotische Klub will Aiwu abl\u00f6sefrei verpflichten.<\/p>\n","protected":false},"excerpt":{"rendered":"Wo spielt Emanuel Aiwu in der anstehenden Saison? Den SK Sturm Graz wird der 25-J\u00e4hrige voraussichtlich in diesem&hellip;\n","protected":false},"author":2,"featured_media":278443,"comment_status":"","ping_status":"","sticky":false,"template":"","format":"standard","meta":{"footnotes":"","_share_on_mastodon":"0"},"categories":[18],"tags":[1069,74544,46,42,23620,964,1878,44,1072,109,108,1877,10008],"class_list":["post-278442","post","type-post","status-publish","format-standard","has-post-thumbnail","category-sport","tag-admiral-bundesliga","tag-apollon-limassol","tag-at","tag-austria","tag-emanuel-aiwu","tag-fussball","tag-geruechtekueche","tag-oesterreich","tag-sk-sturm-graz","tag-sport","tag-sports","tag-transfermarkt","tag-zypern"],"share_on_mastodon":{"url":"https:\/\/pubeurope.com\/@at\/116931632979071263","error":""},"_links":{"self":[{"href":"https:\/\/www.europesays.com\/at\/wp-json\/wp\/v2\/posts\/278442","targetHints":{"allow":["GET"]}}],"collection":[{"href":"https:\/\/www.europesays.com\/at\/wp-json\/wp\/v2\/posts"}],"about":[{"href":"https:\/\/www.europesays.com\/at\/wp-json\/wp\/v2\/types\/post"}],"author":[{"embeddable":true,"href":"https:\/\/www.europesays.com\/at\/wp-json\/wp\/v2\/users\/2"}],"replies":[{"embeddable":true,"href":"https:\/\/www.europesays.com\/at\/wp-json\/wp\/v2\/comments?post=278442"}],"version-history":[{"count":0,"href":"https:\/\/www.europesays.com\/at\/wp-json\/wp\/v2\/posts\/278442\/revisions"}],"wp:featuredmedia":[{"embeddable":true,"href":"https:\/\/www.europesays.com\/at\/wp-json\/wp\/v2\/media\/278443"}],"wp:attachment":[{"href":"https:\/\/www.europesays.com\/at\/wp-json\/wp\/v2\/media?parent=278442"}],"wp:term":[{"taxonomy":"category","embeddable":true,"href":"https:\/\/www.europesays.com\/at\/wp-json\/wp\/v2\/categories?post=278442"},{"taxonomy":"post_tag","embeddable":true,"href":"https:\/\/www.europesays.com\/at\/wp-json\/wp\/v2\/tags?post=278442"}],"curies":[{"name":"wp","href":"https:\/\/api.w.org\/{rel}","templated":true}]}}