{"id":279000,"date":"2026-07-17T05:06:19","date_gmt":"2026-07-17T05:06:19","guid":{"rendered":"https:\/\/www.europesays.com\/at\/279000\/"},"modified":"2026-07-17T05:06:19","modified_gmt":"2026-07-17T05:06:19","slug":"von-egger-bier-bis-volkswagen","status":"publish","type":"post","link":"https:\/\/www.europesays.com\/at\/279000\/","title":{"rendered":"Von Egger Bier bis Volkswagen"},"content":{"rendered":"<p>F\u00fcr das erste Halbjahr 2026 stehen Kampagnen von Egger Bier, Ikea, Manner, Tchibo und Volkswagen zur Wahl. Die Abstimmung l\u00e4uft online bis Ende Juli.<\/p>\n<p>Mit \u00fcber 5,56 Millionen Unique Usern im ersten Quartal 2026 (laut \u00d6WA) bietet das ORF.at-Network das gr\u00f6\u00dfte \u00f6ffentlich-rechtliche Werbeumfeld des Landes. Um diese Erfolge zu w\u00fcrdigen, vergibt die ORF-Enterprise seit vergangenem Jahr halbj\u00e4hrlich den Digital-adStar. Ausgezeichnet werden dabei verschiedenste Disziplinen wie Display-Kampagnen, Startseitenbuchungen, Contextual-Intelligence-Kampagnen und Instream-Formate. Die Vergabe liegt in den H\u00e4nden der stimmberechtigten B2B-Community, die ihre Stimme im Online-Voting abgeben und damit Kampagnen auf das Podest heben kann.\u00a0<\/p>\n<p>Wer ins Rennen geht<\/p>\n<p>Der Weg auf die Nominierungsseite erfordert mehr als gute Klickzahlen. Das Digital-Team der ORF-Enterprise bewertet auch Faktoren wie das Timing, die operative Umsetzung und technische Details bei der Werbemittelprogrammierung. F\u00fcnf Marken ist dieses Zusammenspiel aus Kreation und Technik im reichweitenstarken Netzwerk besonders gut gelungen: Egger Bier, Ikea, Manner, Tchibo und Volkswagen gegen im ersten Halbjahr 2026 ins Rennen um die Auszeichnung.\u00a0<\/p>\n<p>&#8222;Der Digital-adStar der ORF-Enterprise ist ein besonderes Zeichen der Wertsch\u00e4tzung f\u00fcr beispielgebende Werbeerfolge im ORF.at-Network, die nicht nur durch herausragende Performance, sondern auch perfekte Umsetzung und Abwicklung \u00fcberzeugen&#8220;, meint Matthias Seiringer, Acting CEO der ORF-Enterprise. &#8222;Die nominierten Kampagnen stehen repr\u00e4sentativ f\u00fcr die weitreichenden M\u00f6glichkeiten, die das ORF.at-Network Werbetreibenden bietet, um ihre Zielgruppe effektiv und wirksam zu erreichen. Die Entscheidung durch die B2B-Community ist eine zus\u00e4tzliche Anerkennung f\u00fcr digitale Werbeerfolge, die in jeder Hinsicht \u00fcberzeugen.&#8220;<\/p>\n<p>Online-Voting bis Ende Juli<\/p>\n<p>Das Online-Voting auf <a href=\"https:\/\/adinsights.orf.at\/adstar\" target=\"_blank\" rel=\"noopener nofollow\">adinsights.orf.at\/adstar<\/a> ist ab sofort ge\u00f6ffnet und l\u00e4uft bis zum 29. Juli 2026. Die feierliche \u00dcbergabe des Digital-adStar f\u00fcr das erste Halbjahr erfolgt im darauffolgenden August durch die ORF-Enterprise.<\/p>\n<p><a href=\"https:\/\/enterprise.orf.at\/\" target=\"_blank\" rel=\"noopener nofollow\">www.enterprise.orf.at<\/a><\/p>\n","protected":false},"excerpt":{"rendered":"F\u00fcr das erste Halbjahr 2026 stehen Kampagnen von Egger Bier, Ikea, Manner, Tchibo und Volkswagen zur Wahl. Die&hellip;\n","protected":false},"author":2,"featured_media":279001,"comment_status":"","ping_status":"","sticky":false,"template":"","format":"standard","meta":{"footnotes":"","_share_on_mastodon":"0"},"categories":[22],"tags":[46,42,74649,147,66529,44,148],"class_list":["post-279000","post","type-post","status-publish","format-standard","has-post-thumbnail","category-unterhaltung","tag-at","tag-austria","tag-digital-adstar","tag-entertainment","tag-orf-enterprise","tag-oesterreich","tag-unterhaltung"],"share_on_mastodon":{"url":"https:\/\/pubeurope.com\/@at\/116933583557551605","error":""},"_links":{"self":[{"href":"https:\/\/www.europesays.com\/at\/wp-json\/wp\/v2\/posts\/279000","targetHints":{"allow":["GET"]}}],"collection":[{"href":"https:\/\/www.europesays.com\/at\/wp-json\/wp\/v2\/posts"}],"about":[{"href":"https:\/\/www.europesays.com\/at\/wp-json\/wp\/v2\/types\/post"}],"author":[{"embeddable":true,"href":"https:\/\/www.europesays.com\/at\/wp-json\/wp\/v2\/users\/2"}],"replies":[{"embeddable":true,"href":"https:\/\/www.europesays.com\/at\/wp-json\/wp\/v2\/comments?post=279000"}],"version-history":[{"count":0,"href":"https:\/\/www.europesays.com\/at\/wp-json\/wp\/v2\/posts\/279000\/revisions"}],"wp:featuredmedia":[{"embeddable":true,"href":"https:\/\/www.europesays.com\/at\/wp-json\/wp\/v2\/media\/279001"}],"wp:attachment":[{"href":"https:\/\/www.europesays.com\/at\/wp-json\/wp\/v2\/media?parent=279000"}],"wp:term":[{"taxonomy":"category","embeddable":true,"href":"https:\/\/www.europesays.com\/at\/wp-json\/wp\/v2\/categories?post=279000"},{"taxonomy":"post_tag","embeddable":true,"href":"https:\/\/www.europesays.com\/at\/wp-json\/wp\/v2\/tags?post=279000"}],"curies":[{"name":"wp","href":"https:\/\/api.w.org\/{rel}","templated":true}]}}