{"id":279070,"date":"2026-07-17T05:58:12","date_gmt":"2026-07-17T05:58:12","guid":{"rendered":"https:\/\/www.europesays.com\/at\/279070\/"},"modified":"2026-07-17T05:58:12","modified_gmt":"2026-07-17T05:58:12","slug":"warten-auf-mister-x-sturm-graz-startet-mit-fragezeichen","status":"publish","type":"post","link":"https:\/\/www.europesays.com\/at\/279070\/","title":{"rendered":"Warten auf Mister X: Sturm Graz startet mit &#8222;Fragezeichen&#8220;"},"content":{"rendered":"<p>Bereits am Dienstag er\u00f6ffnet Sturm Graz die neue <a href=\"https:\/\/www.laola1.at\/de\/daten\/news\/fussball\/fussball\/\" class=\"tag\" rel=\"nofollow noopener\" target=\"_blank\">Fu\u00dfball<\/a>-Saison aus \u00f6sterreichischer Sicht. <\/p>\n<p>In der 2. Runde der Champions-League-Qualifikation empf\u00e4ngt \u00d6sterreichs Vizemeister sein schottisches Pendant.Sturm-Trainer Fabio Ingolitsch erwartet mit Hearts of Midlothian eine &#8222;ganz harte Nuss&#8220;. <\/p>\n<p>Nach einer nicht sorgenfrei verlaufenen Vorbereitung stehen zum Saisonstart in Graz &#8222;viele Fragezeichen im Raum&#8220;. Auch das Einkaufsprogramm ist noch nicht abgeschlossen.<\/p>\n<p>St\u00fcrmer und Linksverteidiger<\/p>\n<p>Auf Ingolitschs Wunschliste stehen unver\u00e4ndert ein Linksverteidiger als Ersatz f\u00fcr <a href=\"https:\/\/www.laola1.at\/de\/daten\/news\/emir-karic\/\" class=\"tag\" rel=\"nofollow noopener\" target=\"_blank\">Emir Karic<\/a> (USA-Wechsel) und ein Strafraumst\u00fcrmer, der dem vom <a href=\"https:\/\/www.laola1.at\/de\/daten\/news\/fussball\/lask\/\" class=\"tag\" rel=\"nofollow noopener\" target=\"_blank\">LASK<\/a> entthronten Meister von 2024 und 2025 die gew\u00fcnschte Durchschlagskraft schenken soll. <\/p>\n<p>Bei einem inflationsgetriebenen und durch die WM sp\u00e4t anlaufenden Transfermarkt ist diese Suche kein leichtes Unterfangen. Gerade weil Sturm trotz des H\u00f6henfluges der vergangenen Jahre den G\u00fcrtel finanziell enger zieht.<\/p>\n<p>Kaderkosten reduzieren, Strukturen verschlanken und dabei auch R\u00fccklagen bilden, lautet seit geraumer Zeit das Credo an der Mur.<\/p>\n<p>Acht Angreifer auf der Gehaltsliste<\/p>\n<p>Im Kader der Grazer stehen aktuell acht Angreifer. Zu viele, Michael Parensen sucht h\u00e4nderingend nach Abnehmern. Dennoch hoffte Ingolitsch im APA-Gespr\u00e4ch, dass sein Sportchef auch m\u00f6glichst bald einen Neuen pr\u00e4sentieren kann. <\/p>\n<p>&#8222;Die Suche l\u00e4uft weiterhin auf Hochtouren&#8220;, meinte der Trainer. &#8222;Wir brauchen mehr Pr\u00e4senz in der Box f\u00fcr Situationen, wo wir weniger Raum haben. Eine solche Erweiterung unseres Werkzeugkoffers w\u00fcrde uns gut stehen.&#8220;<\/p>\n<p>Laut Medienberichten k\u00f6nnte der Gesuchte Nelson Weiper (21) hei\u00dfen, der in Mainz auf wenig Spielzeit kam.<\/p>\n<p>Wlodarczyk konnte \u00fcberzeugen<\/p>\n<p>Der zweiterfolgreichste Liga-Torsch\u00fctze hinter Spielmacher <a href=\"https:\/\/www.laola1.at\/de\/daten\/news\/otar-kiteishvili\/\" class=\"tag\" rel=\"nofollow noopener\" target=\"_blank\">Otar Kiteishvili<\/a> (15 Tore) war in der Vorsaison Seedy Jatta mit vier Toren. Der Norweger wird vereinsintern f\u00fcr sein Arbeitspensum gesch\u00e4tzt, Goalgetter wird er aber eher keiner mehr.<\/p>\n<p>W\u00e4hrend Transferflop <a href=\"https:\/\/www.laola1.at\/de\/daten\/news\/maurice-malone\/\" class=\"tag\" rel=\"nofollow noopener\" target=\"_blank\">Maurice Malone<\/a> bei einem Angebot keine Steine in den Weg gelegt werden w\u00fcrden, gilt R\u00fcckkehrer <a href=\"https:\/\/www.laola1.at\/de\/daten\/news\/szymon-wlodarczyk\/\" class=\"tag\" rel=\"nofollow noopener\" target=\"_blank\">Szymon Wlodarczyk<\/a> als ein Gewinner der Vorbereitung. <\/p>\n<p>&#8222;Er spielt eine gro\u00dfe Rolle in unseren \u00dcberlegungen&#8220;, sagte Ingolitsch \u00fcber den zuletzt mehrmals verliehenen Polen. Auch Axel Kayombo sowie die Bundesliga-Neuzug\u00e4nge J\u00fcrgen Heil (Hartberg) und Simon Seidl (Blau-Wei\u00df Linz) konnten die spielfreie Zeit f\u00fcr Eigenwerbung nutzen.<\/p>\n<p>Angeschlagene Kreativabteilung<\/p>\n<p>Ein Kreativ-Trio bereitete Ingolitsch hingegen Sorge. <a href=\"https:\/\/www.laola1.at\/de\/daten\/news\/otar-kiteishvili\/\" class=\"tag\" rel=\"nofollow noopener\" target=\"_blank\">Otar Kiteishvili<\/a> (Wade), Gizo Mamageishvili (R\u00fccken) und Filip Rozga (neuerliche Oberschenkelverletzung) verpassten viele Einheiten. <\/p>\n<p>&#8222;Wir hatten unsere Kreativabteilung in der Vorbereitung nicht an Bord und versuchen, das anders aufzufangen&#8220;, sagte Ingolitsch. Die beiden Georgier Kiteishvili und Mamageishvili kamen bei der Generalprobe gegen Pogon Stettin (1:0) immerhin wieder zum Einsatz. <\/p>\n<p>Ob Kiteishvili angesichts der &#8222;suboptimalen Vorbereitung&#8220; f\u00fcr den Ernstfall am Dienstag bereit ist, lie\u00df Ingolitsch offen. Der Stellenwert des zweifachen Bundesliga-Spielers der Saison ist kein Geheimnis. &#8222;Alle wissen, dass Otar das Um und Auf in unserem Spiel ist&#8220;, bemerkte Ingolitsch.<\/p>\n<p>Aussortierte Innenverteidiger<\/p>\n<p>Nicht mehr in Graz gewollt sind die beiden Innenverteidiger <a href=\"https:\/\/www.laola1.at\/de\/daten\/news\/emanuel-aiwu\/\" class=\"tag\" rel=\"nofollow noopener\" target=\"_blank\">Emanuel Aiwu<\/a> und <a href=\"https:\/\/www.laola1.at\/de\/daten\/news\/niklas-geyrhofer\/\" class=\"tag\" rel=\"nofollow noopener\" target=\"_blank\">Niklas Geyrhofer<\/a>. Ihre Versetzung in die zweite Mannschaft brachte die Fu\u00dfballergewerkschaft VdF auf den Plan. <\/p>\n<p>Der Vorwurf von Mobbing stand im Raum. Nach einer Intervention sind beide Spieler wieder im Trainingsbetrieb der ersten Mannschaft und verhalten sich laut Ingolitsch &#8222;sehr professionell&#8220;. <\/p>\n<p>Die Ausbootung habe aus rein sportlichen Motiven stattgefunden, betont der Sturm-Coach. &#8222;Wir bieten ihnen, solange sie da sind, das bestm\u00f6gliche Training, hoffen aber gleichzeitig, dass sie zeitnah eine neue Herausforderung finden.&#8220; Aiwus gut dotierter Vertrag l\u00e4uft noch zwei Jahre.<\/p>\n<p>Auftaktprogramm mit Pflichtsieg-Charakter<\/p>\n<p>Wie zuletzt geht Sturm die Saison an, ohne einen Tabellenplatz auszugeben. Lediglich das Erreichen eines internationalen Startplatzes ist das Ziel des Clubs, der in den j\u00fcngsten f\u00fcnf Saisonen nie schlechter als Ligazweiter war. <\/p>\n<p>An den Prinzipien hat Ingolitsch in der Vorbereitung nicht ger\u00fcttelt. &#8222;Die Basis muss sein, wenig Tore zu kriegen und einfach schwer zu schlagen zu sein.&#8220; Danach gehe es darum, sich auch offensiv zu steigern. <\/p>\n<p>&#8222;Wir haben in der vergangenen Saison speziell zu Hause zu oft Unentschieden gespielt. Einen Block zu bespielen und mehr L\u00f6sungen im letzten Drittel zu finden, ist etwas, das wir besser machen wollen.&#8220;<\/p>\n<p>Eingebettet in die wichtigen ersten Europacup-Spiele sind mit Seekirchen (Cup), <a href=\"https:\/\/www.laola1.at\/de\/daten\/news\/fussball\/wsg-tirol\/\" class=\"tag\" rel=\"nofollow noopener\" target=\"_blank\">WSG Tirol<\/a>, Hartberg, Altach und Lustenau nationale Aufgaben mit Pflichtsieg-Charakter. <\/p>\n<p>Ingolitsch: &#8222;Ein guter Start kann ein extremer Multiplikator sein, in welche Richtung es f\u00fcr uns geht.&#8220;<\/p>\n","protected":false},"excerpt":{"rendered":"Bereits am Dienstag er\u00f6ffnet Sturm Graz die neue Fu\u00dfball-Saison aus \u00f6sterreichischer Sicht. In der 2. Runde der Champions-League-Qualifikation&hellip;\n","protected":false},"author":2,"featured_media":279071,"comment_status":"","ping_status":"","sticky":false,"template":"","format":"standard","meta":{"footnotes":"","_share_on_mastodon":"0"},"categories":[29],"tags":[1069,46,42,48700,23620,4240,4241,16559,964,4782,183,63659,10798,11447,16820,72242,52180,44,4245,11449,10783,1072,52181],"class_list":["post-279070","post","type-post","status-publish","format-standard","has-post-thumbnail","category-graz","tag-admiral-bundesliga","tag-at","tag-austria","tag-axel-kayombo","tag-emanuel-aiwu","tag-emir-karic","tag-fabio-ingolitsch","tag-filip-rozga","tag-fussball","tag-gizo-mamageishvili","tag-graz","tag-hearts-of-midlothian","tag-juergen-heil","tag-maurice-malone","tag-michael-parensen","tag-nelson-weiper","tag-niklas-geyrhofer","tag-oesterreich","tag-otar-kiteishvili","tag-seedy-jatta","tag-simon-seidl","tag-sk-sturm-graz","tag-szymon-wlodarczyk"],"share_on_mastodon":{"url":"https:\/\/pubeurope.com\/@at\/116933788065152158","error":""},"_links":{"self":[{"href":"https:\/\/www.europesays.com\/at\/wp-json\/wp\/v2\/posts\/279070","targetHints":{"allow":["GET"]}}],"collection":[{"href":"https:\/\/www.europesays.com\/at\/wp-json\/wp\/v2\/posts"}],"about":[{"href":"https:\/\/www.europesays.com\/at\/wp-json\/wp\/v2\/types\/post"}],"author":[{"embeddable":true,"href":"https:\/\/www.europesays.com\/at\/wp-json\/wp\/v2\/users\/2"}],"replies":[{"embeddable":true,"href":"https:\/\/www.europesays.com\/at\/wp-json\/wp\/v2\/comments?post=279070"}],"version-history":[{"count":0,"href":"https:\/\/www.europesays.com\/at\/wp-json\/wp\/v2\/posts\/279070\/revisions"}],"wp:featuredmedia":[{"embeddable":true,"href":"https:\/\/www.europesays.com\/at\/wp-json\/wp\/v2\/media\/279071"}],"wp:attachment":[{"href":"https:\/\/www.europesays.com\/at\/wp-json\/wp\/v2\/media?parent=279070"}],"wp:term":[{"taxonomy":"category","embeddable":true,"href":"https:\/\/www.europesays.com\/at\/wp-json\/wp\/v2\/categories?post=279070"},{"taxonomy":"post_tag","embeddable":true,"href":"https:\/\/www.europesays.com\/at\/wp-json\/wp\/v2\/tags?post=279070"}],"curies":[{"name":"wp","href":"https:\/\/api.w.org\/{rel}","templated":true}]}}