{"id":279250,"date":"2026-07-17T08:00:20","date_gmt":"2026-07-17T08:00:20","guid":{"rendered":"https:\/\/www.europesays.com\/at\/279250\/"},"modified":"2026-07-17T08:00:20","modified_gmt":"2026-07-17T08:00:20","slug":"neue-stechmuecken-in-tschechien-tropenkrankheiten-im-blick-infektionsrisiko-gering","status":"publish","type":"post","link":"https:\/\/www.europesays.com\/at\/279250\/","title":{"rendered":"Neue Stechm\u00fccken in Tschechien: Tropenkrankheiten im Blick, Infektionsrisiko gering"},"content":{"rendered":"<p>\t\t<a href=\"https:\/\/deutsch.radio.cz\/sites\/default\/files\/styles\/rcz_lightbox_v2\/public\/images\/bc833311c6d9fce3b0793f5848a8d137.jpg?itok=sLflVCaz&amp;timestamp=1784271962\" class=\"photoswipe\" data-size=\"1000x713\" data-overlay-title=\"Gelbfieberm\u00fccke  (Aedes aegypti) | Foto: Reuters\" rel=\"nofollow noopener\" target=\"_blank\"><\/p>\n<p><img  alt=\"Gelbfieberm\u00fccke  (Aedes aegypti) | Foto: Reuters\" title=\"Gelbfieberm\u00fccke  (Aedes aegypti) | Foto: Reuters\"\/><\/p>\n<p><\/a><\/p>\n<p>Gelbfieberm\u00fccke (Aedes aegypti)|Foto: Reuters<\/p>\n<p>Auf dem Campus der Tschechischen Agraruniversit\u00e4t (<a href=\"https:\/\/www.czu.cz\/en\" target=\"_blank\" rel=\"noopener noreferrer nofollow\">\u010cZU<\/a>) in Prag sucht der Virologe Ji\u0159\u00ed \u010cern\u00fd nach M\u00fcckenlarven. Als Brutst\u00e4tte reichen den Insekten kleine Wasseransammlungen im Garten oder auf dem Balkon, wie Regentonnen und Gie\u00dfkannen:<\/p>\n<p>\u201eWir suchen nach invasiven M\u00fcckenarten der Gattung Aedes. Sie kommen in kleinen Gew\u00e4ssern vor, deren Wasserstand h\u00e4ufig schwankt und in deren N\u00e4he Menschen siedeln.\u201c<\/p>\n<p>Forschung in Prag: Jagd auf invasive M\u00fcckenarten<\/p>\n<p>Anhand des Atemrohrs der Larven, dem sogenannten Siphon, l\u00e4sst sich direkt bestimmen, zu welcher Gattung die jeweilige Larve geh\u00f6rt. Der Entomologe Martin Kulma vom Staatlichen Gesundheitsinstitut (<a href=\"https:\/\/szu.gov.cz\/en\/\" target=\"_blank\" rel=\"noopener noreferrer nofollow\">SZU<\/a>) arbeitet an dem Forschungsprojekt mit:<\/p>\n<p><a href=\"https:\/\/deutsch.radio.cz\/sites\/default\/files\/styles\/rcz_lightbox_v2\/public\/images\/7f6810a3e6d8b38d08d46d7c70f1f0e7.jpg?itok=WM3OruTV&amp;timestamp=1784271986\" class=\"photoswipe\" data-size=\"1000x750\" data-overlay-title=\"Der Virologe Ji\u0159\u00ed \u010cern\u00fd  (links) und der Entomologe Martin Kulma | Foto: Andrea Skalick\u00e1,  Tschechischer Rundfunk\" rel=\"nofollow noopener\" target=\"_blank\"><\/p>\n<p><img  alt=\"Der Virologe Ji\u0159\u00ed \u010cern\u00fd  (links) und der Entomologe Martin Kulma | Foto: Andrea Skalick\u00e1,  Tschechischer Rundfunk\" title=\"Der Virologe Ji\u0159\u00ed \u010cern\u00fd  (links) und der Entomologe Martin Kulma | Foto: Andrea Skalick\u00e1,  Tschechischer Rundfunk\"\/><\/p>\n<p><\/a><\/p>\n<p>Der Virologe Ji\u0159\u00ed \u010cern\u00fd (links) und der Entomologe Martin Kulma|Foto: Andrea Skalick\u00e1, Tschechischer Rundfunk<\/p>\n<p>\u201eWenn ich die Larve betrachte, sehe ich, dass der Siphon lang und d\u00fcnn ist. Ich kann also sagen, dass es sich um unsere gew\u00f6hnliche Stechm\u00fccke der Gattung Culex handelt und nicht um eine invasive M\u00fcckenart.\u201c<\/p>\n<p>Die Forscher suchen in Wasserproben, die sie einem Beh\u00e4lter entnehmen, nach M\u00fcckenlarven. Der Entomologe:<\/p>\n<p><a href=\"https:\/\/deutsch.radio.cz\/sites\/default\/files\/styles\/rcz_lightbox_v2\/public\/images\/323ecad09e732493286ff4b7b38ba644.jpg?itok=-gOORQ8Z&amp;timestamp=1784271982\" class=\"photoswipe\" data-size=\"750x1000\" data-overlay-title=\"M\u00fcckenlarven im Wasser | Foto: Andrea Skalick\u00e1,  Tschechischer Rundfunk\" rel=\"nofollow noopener\" target=\"_blank\"><\/p>\n<p><img  alt=\"M\u00fcckenlarven im Wasser | Foto: Andrea Skalick\u00e1,  Tschechischer Rundfunk\" title=\"M\u00fcckenlarven im Wasser | Foto: Andrea Skalick\u00e1,  Tschechischer Rundfunk\"\/><\/p>\n<p><\/a><\/p>\n<p>M\u00fcckenlarven im Wasser|Foto: Andrea Skalick\u00e1, Tschechischer Rundfunk<\/p>\n<p>\u201eDie Aedes-M\u00fccken sind im Allgemeinen schwarz oder sehr dunkel gef\u00e4rbt. Die eingeschleppten M\u00fccken sind typischerweise gestreift, sie haben schwarze Beine mit wei\u00dfen Streifen.\u201c<\/p>\n<p>Begegnungen mit exotischen Stechm\u00fccken sind hierzulande mittlerweile keine Seltenheit mehr. Die Asiatische Buschm\u00fccke beispielsweise wurde von Wissenschaftlern in den vergangenen zwei Jahren in fast allen Gegenden Tschechiens nachgewiesen. Im Labor wurde bereits best\u00e4tigt, dass diese M\u00fcckenart tropische Fiebererkrankungen \u00fcbertragen kann, ein Nachweis direkt aus der Umwelt fehlt jedoch bislang. Auch deshalb stelle sie derzeit keine unmittelbare Gefahr dar, sagt Martin Kulma:<\/p>\n<p>\u201eEs besteht definitiv kein Grund zur Panik. Vielmehr geht es darum, dass wir hier andere Arten haben, auf die wir in Zukunft aufpassen sollten. Das Risiko einer \u00dcbertragung von Krankheitserregern, die verschiedene Tropenkrankheiten verursachen, halte ich derzeit f\u00fcr sehr gering.\u201c<\/p>\n<p>Klimawandel und Reiser\u00fcckkehrer: Die Ausbreitung der Tigerm\u00fccke<\/p>\n<p>Die Asiatische Tigerm\u00fccke hat beispielsweise in den vergangenen Jahren f\u00fcr lokale Epidemien von tropischem Fieber in Italien oder Frankreich gesorgt. In Tschechien kommt sie bisher nur sporadisch vor.<\/p>\n<p><a href=\"https:\/\/deutsch.radio.cz\/sites\/default\/files\/styles\/rcz_lightbox_v2\/public\/images\/f7f0a415f5b446e093c9f28393310f44.jpg?itok=Bu9722_Z&amp;timestamp=1784271994\" class=\"photoswipe\" data-size=\"960x635\" data-overlay-title=\"Asiatische Tigerm\u00fccke | Foto: Pixabay,  Pixabay License\" rel=\"nofollow noopener\" target=\"_blank\"><\/p>\n<p><img  alt=\"Asiatische Tigerm\u00fccke | Foto: Pixabay,  Pixabay License\" title=\"Asiatische Tigerm\u00fccke | Foto: Pixabay,  Pixabay License\"\/><\/p>\n<p><\/a><\/p>\n<p>\u201eJedes Jahr gibt es in den Mittelmeerl\u00e4ndern mehrere Infektionsherde. Ein Reiser\u00fcckkehrender, der entweder mit Denguefieber oder Chikungunyafieber infiziert ist, reist ein, die Tigerm\u00fccken saugen an ihm Blut und k\u00f6nnen die Viren lokal weiter \u00fcbertragen.\u201c<\/p>\n<p>Auch aufgrund des Klimawandels breitet sich die Asiatische Tigerm\u00fccke jedoch weiter nach Norden aus. In Baden-W\u00fcrttemberg werden seit einigen Jahren immer mehr Populationen nachgewiesen. Vor sieben Jahren wurde die Tigerm\u00fccke auch beispielsweise in Budapest registriert. Der Virologe \u010cern\u00fd:<\/p>\n<p><a href=\"https:\/\/deutsch.radio.cz\/sites\/default\/files\/styles\/rcz_lightbox_v2\/public\/images\/bb3102c2e92767d2365a4007f6ed75f6.jpg?itok=aZcBIjVc&amp;timestamp=1784271974\" class=\"photoswipe\" data-size=\"1000x750\" data-overlay-title=\"Virologe Ji\u0159\u00ed \u010cern\u00fd | Foto: Andrea Skalick\u00e1,  Tschechischer Rundfunk\" rel=\"nofollow noopener\" target=\"_blank\"><\/p>\n<p><img  alt=\"Virologe Ji\u0159\u00ed \u010cern\u00fd | Foto: Andrea Skalick\u00e1,  Tschechischer Rundfunk\" title=\"Virologe Ji\u0159\u00ed \u010cern\u00fd | Foto: Andrea Skalick\u00e1,  Tschechischer Rundfunk\"\/><\/p>\n<p><\/a><\/p>\n<p>Virologe Ji\u0159\u00ed \u010cern\u00fd|Foto: Andrea Skalick\u00e1, Tschechischer Rundfunk<\/p>\n<p>\u201eInzwischen wissen wir von Kollegen in Budapest, dass sie dort zu den h\u00e4ufigsten M\u00fcckenarten geh\u00f6rt. Vor etwa zwei oder drei Jahren wurde sie zum ersten Mal in Bratislava nachgewiesen, und wir kennen sie bereits aus Wien. Es ist nur eine Frage der Zeit, bis sie beispielsweise in S\u00fcdm\u00e4hren auftaucht. Es kann sein, dass es dort schon jetzt stabile Populationen gibt, und wir nur noch nichts davon wissen.\u201c<\/p>\n<p>Invasive Stechm\u00fccken sind haupts\u00e4chlich tags\u00fcber aktiv, am h\u00e4ufigsten greifen sie nach der Morgen- und in der Abendd\u00e4mmerung an. Der wirksamste Schutz gegen sie besteht darin, in G\u00e4rten und auf Balkonen kein stehendes Wasser in Beh\u00e4ltern zur\u00fcckzulassen.<\/p>\n","protected":false},"excerpt":{"rendered":"Gelbfieberm\u00fccke (Aedes aegypti)|Foto: Reuters Auf dem Campus der Tschechischen Agraruniversit\u00e4t (\u010cZU) in Prag sucht der Virologe Ji\u0159\u00ed \u010cern\u00fd&hellip;\n","protected":false},"author":2,"featured_media":279251,"comment_status":"","ping_status":"","sticky":false,"template":"","format":"standard","meta":{"footnotes":"","_share_on_mastodon":"0"},"categories":[20],"tags":[46,42,74684,124,123,5317,44,9482,9481,100,18504],"class_list":["post-279250","post","type-post","status-publish","format-standard","has-post-thumbnail","category-gesundheit","tag-at","tag-austria","tag-fauna-und-flora","tag-gesundheit","tag-health","tag-natur","tag-oesterreich","tag-radio-prague-international","tag-tschechische-republik","tag-wissenschaft","tag-wissenschaft-und-technik"],"share_on_mastodon":{"url":"https:\/\/pubeurope.com\/@at\/116934268600922480","error":""},"_links":{"self":[{"href":"https:\/\/www.europesays.com\/at\/wp-json\/wp\/v2\/posts\/279250","targetHints":{"allow":["GET"]}}],"collection":[{"href":"https:\/\/www.europesays.com\/at\/wp-json\/wp\/v2\/posts"}],"about":[{"href":"https:\/\/www.europesays.com\/at\/wp-json\/wp\/v2\/types\/post"}],"author":[{"embeddable":true,"href":"https:\/\/www.europesays.com\/at\/wp-json\/wp\/v2\/users\/2"}],"replies":[{"embeddable":true,"href":"https:\/\/www.europesays.com\/at\/wp-json\/wp\/v2\/comments?post=279250"}],"version-history":[{"count":0,"href":"https:\/\/www.europesays.com\/at\/wp-json\/wp\/v2\/posts\/279250\/revisions"}],"wp:featuredmedia":[{"embeddable":true,"href":"https:\/\/www.europesays.com\/at\/wp-json\/wp\/v2\/media\/279251"}],"wp:attachment":[{"href":"https:\/\/www.europesays.com\/at\/wp-json\/wp\/v2\/media?parent=279250"}],"wp:term":[{"taxonomy":"category","embeddable":true,"href":"https:\/\/www.europesays.com\/at\/wp-json\/wp\/v2\/categories?post=279250"},{"taxonomy":"post_tag","embeddable":true,"href":"https:\/\/www.europesays.com\/at\/wp-json\/wp\/v2\/tags?post=279250"}],"curies":[{"name":"wp","href":"https:\/\/api.w.org\/{rel}","templated":true}]}}