{"id":279639,"date":"2026-07-17T11:56:10","date_gmt":"2026-07-17T11:56:10","guid":{"rendered":"https:\/\/www.europesays.com\/at\/279639\/"},"modified":"2026-07-17T11:56:10","modified_gmt":"2026-07-17T11:56:10","slug":"gruene-voglauer-zu-wasserknappheit-totschnig-muss-beim-wasserentnahmeregister-endlich-liefern","status":"publish","type":"post","link":"https:\/\/www.europesays.com\/at\/279639\/","title":{"rendered":"Gr\u00fcne\/Voglauer zu Wasserknappheit: Totschnig muss beim Wasserentnahmeregister endlich liefern"},"content":{"rendered":"<p>Wien (OTS) &#8211;\u00a0<\/p>\n<p>Angesichts der zunehmenden Wasserknappheit und der aktuellen Diskussion \u00fcber die Zukunft der Wasserversorgung fordert die Landwirtschaftssprecherin der Gr\u00fcnen, Olga Volgauer, Landwirtschaftsminister Norbert Totschnig auf, das angek\u00fcndigte Wasserentnahmeregister endlich vorzulegen und weitere Ma\u00dfnahmen zur Sicherung der heimischen Wasserressourcen auf den Weg zu bringen.<\/p>\n<p>\u201eMinister Totschnig betont mittlerweile seit Monaten, dass die Arbeiten am Wasserentnahmeregister kurz vor dem Abschluss stehen w\u00fcrden, geliefert hat er aber noch immer nicht. Wer wei\u00df, wie lange die Koalition im Anschluss dann noch mit der Regierungskoordination verbringen wird, bevor endlich ein Ergebnis am Tisch liegt?\u201c, kritisiert Voglauer.<\/p>\n<p>Die anhaltende Trockenheit zeige deutlich, dass auch \u00d6sterreich zunehmend mit regionalen und saisonalen Engp\u00e4ssen konfrontiert sei. Besonders die Landwirtschaft bekomme die Auswirkungen der Klimakrise bereits massiv zu sp\u00fcren.<\/p>\n<p>\u201eDie Landwirt:innen m\u00fcssen in diesem Rekordsommer zuschauen, wie ihnen das Getreide auf den Feldern verdorrt und das Gras auf den Almweiden vertrocknet, w\u00e4hrend die Wasserpegel immer weiter sinken\u201c, sagt Volgauer. F\u00fcr sie ist klar, dass die Wasserversorgung angesichts zunehmender D\u00fcrreperioden und h\u00e4ufiger Extremwetterereignisse grundlegend krisenfester werden muss.<\/p>\n<p>\u201eUnsere Wasserversorgung muss dringend krisenresilienter werden \u2013 nicht nur, um die Versorgung der Bev\u00f6lkerung mit hochwertigem Trinkwasser sicherzustellen, sondern auch, um die heimische Lebensmittelproduktion langfristig abzusichern&#8220;, fordert Voglauer und h\u00e4lt fest: \u201eEs wird h\u00f6chste Zeit, dass Minister Totschnig seinen Worten endlich Taten folgen l\u00e4sst und ein breites Ma\u00dfnahmenb\u00fcndel zur Sicherung unseres Wasserschatzes vorlegt. D\u00fcrreperioden und Extremwetterphasen werden in Zukunft ganz bestimmt nicht seltener \u2013 darauf muss die Politik endlich mit der notwendigen Entschlossenheit reagieren.\u201c<\/p>\n<p _ngcontent-ng-c403161360=\"\"> OTS-ORIGINALTEXT PRESSEAUSSENDUNG UNTER AUSSCHLIESSLICHER<br \/>\nINHALTLICHER VERANTWORTUNG DES AUSSENDERS &#8211; WWW.OTS.AT | FMB<\/p>\n","protected":false},"excerpt":{"rendered":"Wien (OTS) &#8211;\u00a0 Angesichts der zunehmenden Wasserknappheit und der aktuellen Diskussion \u00fcber die Zukunft der Wasserversorgung fordert die&hellip;\n","protected":false},"author":2,"featured_media":278769,"comment_status":"","ping_status":"","sticky":false,"template":"","format":"standard","meta":{"footnotes":"","_share_on_mastodon":"0"},"categories":[6],"tags":[1558,1555,26393,26395,46,42,1296,44,26394,43,45,39387,7135,49625],"class_list":["post-279639","post","type-post","status-publish","format-standard","has-post-thumbnail","category-oesterreich","tag-totschnig","tag-umwelt","tag-apa","tag-apa-ots","tag-at","tag-austria","tag-gruene","tag-oesterreich","tag-ots","tag-republic-of-austria","tag-republik-oesterreich","tag-voglauer","tag-wasser","tag-wasserknappheit"],"share_on_mastodon":{"url":"https:\/\/pubeurope.com\/@at\/116935195724111315","error":""},"_links":{"self":[{"href":"https:\/\/www.europesays.com\/at\/wp-json\/wp\/v2\/posts\/279639","targetHints":{"allow":["GET"]}}],"collection":[{"href":"https:\/\/www.europesays.com\/at\/wp-json\/wp\/v2\/posts"}],"about":[{"href":"https:\/\/www.europesays.com\/at\/wp-json\/wp\/v2\/types\/post"}],"author":[{"embeddable":true,"href":"https:\/\/www.europesays.com\/at\/wp-json\/wp\/v2\/users\/2"}],"replies":[{"embeddable":true,"href":"https:\/\/www.europesays.com\/at\/wp-json\/wp\/v2\/comments?post=279639"}],"version-history":[{"count":0,"href":"https:\/\/www.europesays.com\/at\/wp-json\/wp\/v2\/posts\/279639\/revisions"}],"wp:featuredmedia":[{"embeddable":true,"href":"https:\/\/www.europesays.com\/at\/wp-json\/wp\/v2\/media\/278769"}],"wp:attachment":[{"href":"https:\/\/www.europesays.com\/at\/wp-json\/wp\/v2\/media?parent=279639"}],"wp:term":[{"taxonomy":"category","embeddable":true,"href":"https:\/\/www.europesays.com\/at\/wp-json\/wp\/v2\/categories?post=279639"},{"taxonomy":"post_tag","embeddable":true,"href":"https:\/\/www.europesays.com\/at\/wp-json\/wp\/v2\/tags?post=279639"}],"curies":[{"name":"wp","href":"https:\/\/api.w.org\/{rel}","templated":true}]}}