{"id":280010,"date":"2026-07-17T15:35:22","date_gmt":"2026-07-17T15:35:22","guid":{"rendered":"https:\/\/www.europesays.com\/at\/280010\/"},"modified":"2026-07-17T15:35:22","modified_gmt":"2026-07-17T15:35:22","slug":"der-alte-star-thomas-heinze-die-beruehmte-frau-an-seiner-seite","status":"publish","type":"post","link":"https:\/\/www.europesays.com\/at\/280010\/","title":{"rendered":"&#8222;Der Alte&#8220;-Star Thomas Heinze: Die ber\u00fchmte Frau an seiner Seite"},"content":{"rendered":"<p>Thomas Heinze <\/p>\n<p>&#8222;Der Alte&#8220;-Star bekam in einem Jahr drei Kinder von zwei Frauen<\/p>\n<p>Aktualisiert am 17.07.2026 &#8211; 16:30 UhrLesedauer: 2 Min.<\/p>\n<p><a href=\"#focus-0\" class=\"transition-colors block text-current relative\" data-sctrack=\"FocusGalleryImage.Reference\"><img fetchpriority=\"high\" data-testid=\"Opener.Image\"   loading=\"eager\" src=\"https:\/\/www.europesays.com\/at\/wp-content\/uploads\/2026\/07\/thomas-heinze-der-schauspieler-hat-ein-turbulentes-privatleben-hinter-sich.jpg\" alt=\"Thomas Heinze: Der Schauspieler hat ein turbulentes Privatleben hinter sich.\" title=\"Thomas Heinze: Der Schauspieler hat ein turbulentes Privatleben hinter sich.\" width=\"5050\" height=\"2841\" class=\"bg-[url:var(--lqipURL)] bg-cover bg-center flex h-full w-full max-w-full\" style=\"--lqipURL:url('https:\/\/images.t-online.de\/2026\/07\/F7-07kT49b2L\/0x159:5050x2841\/fit-in\/150x0\/filters:blur(25)\/thomas-heinze-der-schauspieler-hat-ein-turbulentes-privatleben-hinter-sich.jpg')\" decoding=\"async\"\/><img loading=\"lazy\" src=\"https:\/\/www.t-online.de\/s\/paper\/_next\/static\/media\/zoom-in.f7dae02f.svg\" alt=\"Vergr\u00f6\u00dfern des Bildes\" title=\"Vergr\u00f6\u00dfern des Bildes\" class=\"block h-[calc(var(--height)_\/_16_*_1rem)] w-[calc(var(--width)_\/_16_*_1rem)] max-w-none absolute right-8 bottom-8 rounded-4 bg-snow p-8\" style=\"--width:32;--height:32\" decoding=\"async\"\/><\/a><\/p>\n<p>Thomas Heinze: Der Schauspieler hat ein turbulentes Privatleben hinter sich. (Quelle: IMAGO\/Frank Hoermann\/SVEN SIMON)<\/p>\n<p><img loading=\"lazy\" src=\"https:\/\/www.t-online.de\/s\/paper\/_next\/static\/media\/audio-volume.6689034c.svg\" alt=\"\" title=\"\" class=\"block h-[calc(var(--height)_\/_16_*_1rem)] w-[calc(var(--width)_\/_16_*_1rem)] max-w-none group-hover:brightness-0 group-hover:invert\" style=\"--width:16;--height:16\" decoding=\"async\"\/>Vorlesen<\/p>\n<p>Aktuelle Zeit:0:00Gesamtdauer:0:00<\/p>\n<p>1x<\/p>\n<p class=\"text-center\">Jetzt neu bei t-online:<\/p>\n<p class=\"text-center\">Schriftgr\u00f6\u00dfe anpassen!<\/p>\n<p><img loading=\"lazy\" src=\"https:\/\/www.t-online.de\/s\/paper\/_next\/static\/media\/font-sizes.32942e33.svg\" alt=\"\" title=\"\" class=\"block h-[calc(var(--height)_\/_16_*_1rem)] w-[calc(var(--width)_\/_16_*_1rem)] max-w-none group-hover:hidden group-aria-expanded:hidden\" style=\"--width:16;--height:16\" decoding=\"async\"\/><img loading=\"lazy\" src=\"https:\/\/www.t-online.de\/s\/paper\/_next\/static\/media\/font-sizes-dark-mode.e382645c.svg\" alt=\"\" title=\"\" class=\"block h-[calc(var(--height)_\/_16_*_1rem)] w-[calc(var(--width)_\/_16_*_1rem)] max-w-none hidden group-hover:block group-aria-expanded:block\" style=\"--width:16;--height:16\" decoding=\"async\"\/><img loading=\"lazy\" src=\"https:\/\/www.t-online.de\/s\/paper\/_next\/static\/media\/sharing-menu-icon.1eb71368.svg\" alt=\"\" title=\"\" class=\"block h-[calc(var(--height)_\/_16_*_1rem)] w-[calc(var(--width)_\/_16_*_1rem)] max-w-none group-hover:brightness-0 group-hover:invert\" style=\"--width:16;--height:16\" decoding=\"async\"\/>Artikel teilen<\/p>\n<p class=\"font-bold text-18 leading-17 user-text-lg:text-22 user-text-xl:text-24\">In &#8222;Der Alte&#8220; spielt Thomas Heinze einen alleinerziehenden Vater. In seinem Privatleben ist er seit 2002 mit einer Moderatorin liiert.<\/p>\n<p class=\"text-18 leading-17 user-text-lg:text-22 user-text-xl:text-24\"><a href=\"https:\/\/www.t-online.de\/themen\/thomas-heinze\/\" class=\"transition-colors cursor-pointer no-underline md:hover:text-magenta md:focus:text-magenta border-b border-solid border-current text-salemsfur md:hover:border-magenta\" data-tracking=\"{&quot;action&quot;:&quot;click&quot;,&quot;category&quot;:&quot;intextLink&quot;,&quot;label&quot;:&quot;\/themen\/thomas-heinze\/&quot;}\" data-sctrack=\"BodyAnchor\" rel=\"nofollow noopener\" target=\"_blank\">Thomas Heinze<\/a> ist heute Abend wieder im ZDF bei &#8222;Der Alte&#8220; zu sehen. Dort trat er 2023 in die Fu\u00dfstapfen von Jan-Gregor Kremp und spielt seither den verwitweten Kriminalhauptkommissar Caspar Bergmann. Im echten Leben ist die Radiomoderatorin Jackie Brown die Frau in seinem Leben. Sie kennt man aus der Morgenshow bei Star FM.<\/p>\n<p class=\"text-18 leading-17 user-text-lg:text-22 user-text-xl:text-24\">Gemeinsam haben sie einen Sohn namens Sam. Er wurde 2003 geboren. Im selben Jahr wurde Heinze auch Vater von Zwillingen. Seine Ex-Frau, die Schauspielerin Nina Kronj\u00e4ger, brachte Lucille und Lennon zur Welt. Zu diesem Zeitpunkt war Heinze bereits mit Brown liiert. Damit bekam Thomas Heinze in einem Jahr drei Kinder von zwei Frauen.<\/p>\n<p><a href=\"#focus-1\" class=\"transition-colors block text-current relative\" data-sctrack=\"FocusGalleryImage.Reference\"><img   loading=\"lazy\" src=\"https:\/\/www.europesays.com\/at\/wp-content\/uploads\/2026\/07\/jackie-brown-und-thomas-heinze-sie-sind-seit-2002-ein-paar.jpg\" alt=\"Jackie Brown und Thomas Heinze: Sie sind seit 2002 ein Paar.\" title=\"Jackie Brown und Thomas Heinze: Sie sind seit 2002 ein Paar.\" width=\"2334\" height=\"1313\" class=\"h-full w-full max-w-full rounded-8\" decoding=\"async\"\/><img loading=\"lazy\" src=\"https:\/\/www.t-online.de\/s\/paper\/_next\/static\/media\/zoom-in.f7dae02f.svg\" alt=\"Vergr\u00f6\u00dfern des Bildes\" title=\"Vergr\u00f6\u00dfern des Bildes\" class=\"block h-[calc(var(--height)_\/_16_*_1rem)] w-[calc(var(--width)_\/_16_*_1rem)] max-w-none absolute right-8 bottom-8 rounded-4 bg-snow p-8\" style=\"--width:32;--height:32\" decoding=\"async\"\/>Jackie Brown und Thomas Heinze: Sie sind seit 2002 ein Paar. (Quelle: IMAGO \/ Eventpress)<\/a><\/p>\n<p class=\"text-18 leading-17 user-text-lg:text-22 user-text-xl:text-24\">Die genauen Umst\u00e4nde, wie es zu der Konstellation kam, beh\u00e4lt die Familie f\u00fcr sich. R\u00fcckblickend bezeichnete Thomas Heinze 2003 als &#8222;sehr dankbares&#8220;, aber auch ein &#8222;sehr bewegtes Jahr&#8220;. Damals habe er sich &#8222;bewusst dazu entschlossen, einen Schritt zur\u00fcckzutreten, um so viel Zeit wie m\u00f6glich mit meinen Kindern zu verbringen&#8220;, sagte er im Mai 2025 im &#8222;Gala&#8220;-Interview. Die Patchwork-Familie klappt f\u00fcr alle Beteiligten bestens. &#8222;Im Mittelpunkt stand immer das Wohl der Kinder. Ich bin sehr dankbar daf\u00fcr.&#8220;<\/p>\n<p>&#8222;Wir sehen einfach keine Notwendigkeit f\u00fcr eine Hochzeit&#8220;<\/p>\n<p class=\"text-18 leading-17 user-text-lg:text-22 user-text-xl:text-24\">Zwar sind Heinze und Brown schon seit 2002 ein Paar, verheiratet sind sie aber nicht. In der Zeitschrift &#8222;Neue Welt&#8220; sagte er 2025: &#8222;Wir sind sehr gl\u00fccklich so, wie es ist \u2013 wir sehen einfach keine Notwendigkeit f\u00fcr eine Hochzeit.&#8220; Und au\u00dferdem: &#8222;Viele heiraten nach Jahrzehnten \u2013 und trennen sich direkt wieder. Das wollten wir nie.&#8220; Beide haben schon Erfahrungen, was die Ehe angeht. &#8222;Jackie war schon mal verheiratet&#8220;, verriet Heinze. Auch er selbst war von 1992 bis 2002 mit Nina Kronj\u00e4ger verheiratet.<\/p>\n<p><a href=\"#focus-2\" class=\"transition-colors block text-current relative\" data-sctrack=\"FocusGalleryImage.Reference\"><img   loading=\"lazy\" src=\"https:\/\/www.europesays.com\/at\/wp-content\/uploads\/2026\/07\/nina-kronjaeger-und-thomas-heinze-das-ex-paar-hat-gemeinsam-zwillinge.jpg\" alt=\"Nina Kronj\u00e4ger und Thomas Heinze: Das Ex-Paar hat gemeinsam Zwillinge.\" title=\"Nina Kronj\u00e4ger und Thomas Heinze: Das Ex-Paar hat gemeinsam Zwillinge.\" width=\"1122\" height=\"631\" class=\"h-full w-full max-w-full rounded-8\" decoding=\"async\"\/><img loading=\"lazy\" src=\"https:\/\/www.t-online.de\/s\/paper\/_next\/static\/media\/zoom-in.f7dae02f.svg\" alt=\"Vergr\u00f6\u00dfern des Bildes\" title=\"Vergr\u00f6\u00dfern des Bildes\" class=\"block h-[calc(var(--height)_\/_16_*_1rem)] w-[calc(var(--width)_\/_16_*_1rem)] max-w-none absolute right-8 bottom-8 rounded-4 bg-snow p-8\" style=\"--width:32;--height:32\" decoding=\"async\"\/>Nina Kronj\u00e4ger und Thomas Heinze: Das Ex-Paar hat gemeinsam Zwillinge. (Quelle: IMAGO \/ Eventpress)<\/a><img loading=\"lazy\" src=\"https:\/\/www.t-online.de\/s\/paper\/_next\/static\/media\/video-carousel-play.6f25714b.svg\" alt=\"\" title=\"\" class=\"block h-[calc(var(--height)_\/_16_*_1rem)] w-[calc(var(--width)_\/_16_*_1rem)] max-w-none undefined\" style=\"--height:12\" decoding=\"async\"\/><\/p>\n","protected":false},"excerpt":{"rendered":"Thomas Heinze &#8222;Der Alte&#8220;-Star bekam in einem Jahr drei Kinder von zwei Frauen Aktualisiert am 17.07.2026 &#8211; 16:30&hellip;\n","protected":false},"author":2,"featured_media":279556,"comment_status":"","ping_status":"","sticky":false,"template":"","format":"standard","meta":{"footnotes":"","_share_on_mastodon":"0"},"categories":[27],"tags":[3307,46,42,74743,175,147,74744,74740,74742,74741,44,8834,176,74739,148,579],"class_list":["post-280010","post","type-post","status-publish","format-standard","has-post-thumbnail","category-prominente","tag-3307","tag-at","tag-austria","tag-caspar-bergmann","tag-celebrities","tag-entertainment","tag-fm","tag-jackie-brown","tag-jan-gregor-kremp","tag-nina-kronjaeger","tag-oesterreich","tag-privatleben","tag-prominente","tag-thomas-heinze","tag-unterhaltung","tag-zdf"],"share_on_mastodon":{"url":"https:\/\/pubeurope.com\/@at\/116936056974000853","error":""},"_links":{"self":[{"href":"https:\/\/www.europesays.com\/at\/wp-json\/wp\/v2\/posts\/280010","targetHints":{"allow":["GET"]}}],"collection":[{"href":"https:\/\/www.europesays.com\/at\/wp-json\/wp\/v2\/posts"}],"about":[{"href":"https:\/\/www.europesays.com\/at\/wp-json\/wp\/v2\/types\/post"}],"author":[{"embeddable":true,"href":"https:\/\/www.europesays.com\/at\/wp-json\/wp\/v2\/users\/2"}],"replies":[{"embeddable":true,"href":"https:\/\/www.europesays.com\/at\/wp-json\/wp\/v2\/comments?post=280010"}],"version-history":[{"count":0,"href":"https:\/\/www.europesays.com\/at\/wp-json\/wp\/v2\/posts\/280010\/revisions"}],"wp:featuredmedia":[{"embeddable":true,"href":"https:\/\/www.europesays.com\/at\/wp-json\/wp\/v2\/media\/279556"}],"wp:attachment":[{"href":"https:\/\/www.europesays.com\/at\/wp-json\/wp\/v2\/media?parent=280010"}],"wp:term":[{"taxonomy":"category","embeddable":true,"href":"https:\/\/www.europesays.com\/at\/wp-json\/wp\/v2\/categories?post=280010"},{"taxonomy":"post_tag","embeddable":true,"href":"https:\/\/www.europesays.com\/at\/wp-json\/wp\/v2\/tags?post=280010"}],"curies":[{"name":"wp","href":"https:\/\/api.w.org\/{rel}","templated":true}]}}