{"id":280220,"date":"2026-07-17T17:42:06","date_gmt":"2026-07-17T17:42:06","guid":{"rendered":"https:\/\/www.europesays.com\/at\/280220\/"},"modified":"2026-07-17T17:42:06","modified_gmt":"2026-07-17T17:42:06","slug":"ab-in-den-sueden-emanuel-aiwu-verlaesst-sturm","status":"publish","type":"post","link":"https:\/\/www.europesays.com\/at\/280220\/","title":{"rendered":"Ab in den S\u00fcden: Emanuel Aiwu verl\u00e4sst Sturm"},"content":{"rendered":"<p>Nun ist es fix: <a href=\"https:\/\/www.laola1.at\/de\/daten\/news\/emanuel-aiwu\/\" class=\"tag\" rel=\"nofollow noopener\" target=\"_blank\">Emanuel Aiwu<\/a> verl\u00e4sst den <a href=\"https:\/\/www.laola1.at\/de\/daten\/news\/fussball\/sk-sturm-graz\/\" class=\"tag\" rel=\"nofollow noopener\" target=\"_blank\">SK Sturm Graz<\/a>.<\/p>\n<p>Der Innenverteidiger schlie\u00dft sich Apollon Limassol aus Zypern an. Der 25-J\u00e4hrige stand f\u00fcr die &#8222;Blackies&#8220; insgesamt 63 Mal auf dem Platz.<\/p>\n<p>Zuletzt sorgte ein von Sturm nach VdF-Intervention r\u00fcckg\u00e4ngig gemachter Ausschluss vom Training der ersten Mannschaft f\u00fcr Wirbel (<a target=\"_blank\" rel=\"noopener noreferrer nofollow\" href=\"https:\/\/www.laola1.at\/de\/red\/fussball\/bundesliga\/news\/nach-rechtlicher-intervention--aiwu-wieder-im-mannschaftstraining\/\">hier nachlesen&gt;&gt;&gt;<\/a>).<\/p>\n<p>Parensen: &#8222;Zufriedenstellende L\u00f6sung gefunden&#8220;<\/p>\n<p>Man sei froh, mit diesem Wechsel &#8222;nun eine f\u00fcr alle Seiten zufriedenstellende L\u00f6sung gefunden zu haben. Wir w\u00fcnschen Emanuel alles Gute f\u00fcr seine weitere Karriere und bedanken uns f\u00fcr seinen Einsatz in den vergangenen beiden Jahren f\u00fcr den SK Sturm&#8220;, sagt Sport-Gesch\u00e4ftsf\u00fchrer Michael Parensen.<\/p>\n<p>Aiwu: Dank trotz &#8222;St\u00f6rger\u00e4uschen&#8220;<\/p>\n<p>Trotz aller &#8222;St\u00f6rger\u00e4usche in den letzten Wochen \u2013 in denen einige Themen auch medial gr\u00f6\u00dfer gemacht wurden als sie tats\u00e4chlich waren \u2013 m\u00f6chte ich mich bei Sturm Graz und allen Verantwortlichen im Verein f\u00fcr die vergangenen zwei Jahre bedanken&#8220;, wird Aiwu zitiert.<\/p>\n<p>&#8222;Es gab H\u00f6hen und Tiefen aber speziell mit den Spielen in der Champions League und dem Meistertitel konnten wir gemeinsam gro\u00dfartige Erfolge feiern. Ich freue mich nun, dass dieser Wechsel zustande kam und w\u00fcnsche allen beim SK Sturm viel Erfolg f\u00fcr die kommende Saison&#8220;, so der Abwehrspieler weiter.<\/p>\n<p>F\u00fcr Aiwu ist es bereits das zweite Auslandsabenteuer. Bereits 2022 wagte er den Sprung ins Ausland und spielte f\u00fcr Cremonese in Italien sowie in England f\u00fcr Birmingham City, ehe er 2024 nach \u00d6sterreich zur\u00fcckkehrte und bei Sturm unterschrieb.<\/p>\n","protected":false},"excerpt":{"rendered":"Nun ist es fix: Emanuel Aiwu verl\u00e4sst den SK Sturm Graz. Der Innenverteidiger schlie\u00dft sich Apollon Limassol aus&hellip;\n","protected":false},"author":2,"featured_media":280221,"comment_status":"","ping_status":"","sticky":false,"template":"","format":"standard","meta":{"footnotes":"","_share_on_mastodon":"0"},"categories":[8],"tags":[1069,74544,23620,964,40,41,39,1072,38,1877],"class_list":["post-280220","post","type-post","status-publish","format-standard","has-post-thumbnail","category-nachrichten","tag-admiral-bundesliga","tag-apollon-limassol","tag-emanuel-aiwu","tag-fussball","tag-nachrichten","tag-news","tag-schlagzeilen","tag-sk-sturm-graz","tag-top-meldungen","tag-transfermarkt"],"share_on_mastodon":{"url":"https:\/\/pubeurope.com\/@at\/116936556377041862","error":""},"_links":{"self":[{"href":"https:\/\/www.europesays.com\/at\/wp-json\/wp\/v2\/posts\/280220","targetHints":{"allow":["GET"]}}],"collection":[{"href":"https:\/\/www.europesays.com\/at\/wp-json\/wp\/v2\/posts"}],"about":[{"href":"https:\/\/www.europesays.com\/at\/wp-json\/wp\/v2\/types\/post"}],"author":[{"embeddable":true,"href":"https:\/\/www.europesays.com\/at\/wp-json\/wp\/v2\/users\/2"}],"replies":[{"embeddable":true,"href":"https:\/\/www.europesays.com\/at\/wp-json\/wp\/v2\/comments?post=280220"}],"version-history":[{"count":0,"href":"https:\/\/www.europesays.com\/at\/wp-json\/wp\/v2\/posts\/280220\/revisions"}],"wp:featuredmedia":[{"embeddable":true,"href":"https:\/\/www.europesays.com\/at\/wp-json\/wp\/v2\/media\/280221"}],"wp:attachment":[{"href":"https:\/\/www.europesays.com\/at\/wp-json\/wp\/v2\/media?parent=280220"}],"wp:term":[{"taxonomy":"category","embeddable":true,"href":"https:\/\/www.europesays.com\/at\/wp-json\/wp\/v2\/categories?post=280220"},{"taxonomy":"post_tag","embeddable":true,"href":"https:\/\/www.europesays.com\/at\/wp-json\/wp\/v2\/tags?post=280220"}],"curies":[{"name":"wp","href":"https:\/\/api.w.org\/{rel}","templated":true}]}}