{"id":280324,"date":"2026-07-17T18:40:14","date_gmt":"2026-07-17T18:40:14","guid":{"rendered":"https:\/\/www.europesays.com\/at\/280324\/"},"modified":"2026-07-17T18:40:14","modified_gmt":"2026-07-17T18:40:14","slug":"aufsteiger-wacker-innsbruck-leiht-gak-keeper-juri-kirchmayr","status":"publish","type":"post","link":"https:\/\/www.europesays.com\/at\/280324\/","title":{"rendered":"Aufsteiger Wacker Innsbruck leiht GAK-Keeper Juri Kirchmayr"},"content":{"rendered":"<p>2. Liga\u00a0<\/p>\n<p>                                    <img decoding=\"async\" src=\"https:\/\/www.europesays.com\/at\/wp-content\/uploads\/2026\/07\/juri-kirchmayr-gak-2026-1784311046-202467.jpg\" title=\"Aufsteiger Wacker Innsbruck leiht GAK-Keeper Juri Kirchmayr\" alt=\"Aufsteiger Wacker Innsbruck leiht GAK-Keeper Juri Kirchmayr\"\/><\/p>\n<p>\n                                       \u00a9IMAGO\n                                    <\/p>\n<p>Zweitliga-Aufsteiger <a title=\"FC Wacker Innsbruck\" href=\"https:\/\/www.transfermarkt.at\/fc-wacker-innsbruck\/startseite\/verein\/2444\" target=\"_blank\" rel=\"nofollow noopener\">Wacker Innsbruck<\/a> hat am Freitagabend ein Transfer-Ausrufezeichen gesetzt: Die Tiroler leihen <a title=\"Juri Kirchmayr\" href=\"https:\/\/www.transfermarkt.at\/juri-kirchmayr\/profil\/spieler\/725011\" target=\"_blank\" rel=\"nofollow noopener\">Juri Kirchmayr<\/a> von Bundesligist <a title=\"Grazer AK\" href=\"https:\/\/www.transfermarkt.at\/grazer-ak\/startseite\/verein\/316\" target=\"_blank\" rel=\"nofollow noopener\">Grazer AK<\/a>. Der 20-j\u00e4hrige Tormann war in der abgelaufenen Spielzeit bereits auf Leihbasis in der 2. Liga aktiv, f\u00fcr den <a title=\"Floridsdorfer AC\" href=\"https:\/\/www.transfermarkt.at\/floridsdorfer-ac\/startseite\/verein\/7443\" target=\"_blank\" rel=\"nofollow noopener\">Floridsdorfer AC<\/a> kam er in allen 28 Saisonspielen zum Zug. Von der Liga wurde der U21-Teamspieler im Anschluss zum besten Torwart der Liga gew\u00e4hlt.<\/p>\n<p>Kirchmayr verl\u00e4ngert im Zuge der Leihe seinen urspr\u00fcnglich zu Saisonende auslaufenden Vertrag in Graz um ein weiteres Jahr bis 2028. Innsbruck sicherte sich eine Kaufoption, der GAK wiederum eine R\u00fcckkaufoption.<\/p>\n<p><\/p>\n<p>\u201eMit Juri ist es uns gelungen, einen hochtalentierten heimischen Tormann zu verpflichten. Er verf\u00fcgt bereits \u00fcber Erfahrung in der 2. Liga und wird somit eine sofortige Verst\u00e4rkung f\u00fcr uns sein!\u201c, sagte Sportvorstand <a title=\"Jakob Griesebner\" href=\"https:\/\/www.transfermarkt.at\/jakob-griesebner\/profil\/trainer\/158155\" target=\"_blank\" rel=\"nofollow noopener\">Jakob Griesebner<\/a>.<\/p>\n<p><\/p>\n<p>\n                                Hinweis:<br \/>\n                                Wenn du etwas googelst, bekommst du neben den normalen Ergebnissen auch eine Box mit aktuellen News angezeigt. Wenn du Transfermarkt als bevorzugte Quelle hinterlegst, tauchen unsere Inhalte dort h\u00e4ufiger f\u00fcr dich auf.<br \/>\n                                <a href=\"https:\/\/www.google.com\/preferences\/source?q=transfermarkt.at\" target=\"_blank\" rel=\"noopener noreferrer nofollow\" onclick=\"tmEvent(&#039;news&#039;,&#039;click&#039;,&#039;google-preferences&#039;);&#010;\"><br \/>\n                                    F\u00fcge Transfermarkt hier als bevorzugte Quelle hinzu.                                <\/a>\n                            <\/p>\n","protected":false},"excerpt":{"rendered":"2. Liga\u00a0 \u00a9IMAGO Zweitliga-Aufsteiger Wacker Innsbruck hat am Freitagabend ein Transfer-Ausrufezeichen gesetzt: Die Tiroler leihen Juri Kirchmayr von&hellip;\n","protected":false},"author":2,"featured_media":280325,"comment_status":"","ping_status":"","sticky":false,"template":"","format":"standard","meta":{"footnotes":"","_share_on_mastodon":"0"},"categories":[32],"tags":[1322,46,42,676,4648,14002,111,193,71965,10277,44],"class_list":["post-280324","post","type-post","status-publish","format-standard","has-post-thumbnail","category-innsbruck","tag-2-liga","tag-at","tag-austria","tag-bundesliga","tag-fc-wacker-innsbruck","tag-floridsdorfer-ac","tag-grazer-ak","tag-innsbruck","tag-jakob-griesebner","tag-juri-kirchmayr","tag-oesterreich"],"share_on_mastodon":{"url":"https:\/\/pubeurope.com\/@at\/116936784591446977","error":""},"_links":{"self":[{"href":"https:\/\/www.europesays.com\/at\/wp-json\/wp\/v2\/posts\/280324","targetHints":{"allow":["GET"]}}],"collection":[{"href":"https:\/\/www.europesays.com\/at\/wp-json\/wp\/v2\/posts"}],"about":[{"href":"https:\/\/www.europesays.com\/at\/wp-json\/wp\/v2\/types\/post"}],"author":[{"embeddable":true,"href":"https:\/\/www.europesays.com\/at\/wp-json\/wp\/v2\/users\/2"}],"replies":[{"embeddable":true,"href":"https:\/\/www.europesays.com\/at\/wp-json\/wp\/v2\/comments?post=280324"}],"version-history":[{"count":0,"href":"https:\/\/www.europesays.com\/at\/wp-json\/wp\/v2\/posts\/280324\/revisions"}],"wp:featuredmedia":[{"embeddable":true,"href":"https:\/\/www.europesays.com\/at\/wp-json\/wp\/v2\/media\/280325"}],"wp:attachment":[{"href":"https:\/\/www.europesays.com\/at\/wp-json\/wp\/v2\/media?parent=280324"}],"wp:term":[{"taxonomy":"category","embeddable":true,"href":"https:\/\/www.europesays.com\/at\/wp-json\/wp\/v2\/categories?post=280324"},{"taxonomy":"post_tag","embeddable":true,"href":"https:\/\/www.europesays.com\/at\/wp-json\/wp\/v2\/tags?post=280324"}],"curies":[{"name":"wp","href":"https:\/\/api.w.org\/{rel}","templated":true}]}}