{"id":280391,"date":"2026-07-17T19:17:06","date_gmt":"2026-07-17T19:17:06","guid":{"rendered":"https:\/\/www.europesays.com\/at\/280391\/"},"modified":"2026-07-17T19:17:06","modified_gmt":"2026-07-17T19:17:06","slug":"test-siege-fuer-ried-und-wac","status":"publish","type":"post","link":"https:\/\/www.europesays.com\/at\/280391\/","title":{"rendered":"Test-Siege f\u00fcr Ried und WAC"},"content":{"rendered":"<p>Die <a href=\"https:\/\/www.laola1.at\/de\/daten\/news\/fussball\/sv-ried\/\" class=\"tag\" rel=\"nofollow noopener\" target=\"_blank\">SV Ried<\/a> und der WAC haben in ihren vorletzten Testspielen der Sommer-Vorbereitung auf die neue Pflichtspiel-Saison Siege gefeiert.<\/p>\n<p>Die Innviertler schlagen den deutschen Drittligisten Rot-Wei\u00df Essen mit 3:0. Mit Rhodes (29.) und Sissoko (82.) tragen sich zwei Neuzug\u00e4nge in die Sch\u00fctzenliste ein, dazwischen trifft Aisowieren zum zwischenzeitlichen 2:0 (58.).<\/p>\n<p>WAC-Coach Thomas Silberberger sieht einen 6:1-Erfolg seiner Mannen gegen die <a href=\"https:\/\/www.laola1.at\/de\/daten\/news\/fussball\/kapfenberger-sv\/\" class=\"tag\" rel=\"nofollow noopener\" target=\"_blank\">Kapfenberger SV<\/a>. Vrioni (6., 45.) trifft doppelt, die weiteren Tore erzielen Schwarz (20.), Avdijaj (53.), Karamoko (65.) und Pink (77.).<\/p>\n<p>Die Rieder bestreiten am Samstag gegen Mlada Boleslav ihr letztes Testspiel, der WAC tritt am Montag gegen ATUS Velden an.<\/p>\n<p>WSG unterliegt Hertha BSC<\/p>\n<p>Die <a href=\"https:\/\/www.laola1.at\/de\/daten\/news\/fussball\/wsg-tirol\/\" class=\"tag\" rel=\"nofollow noopener\" target=\"_blank\">WSG Tirol<\/a> muss dagegen eine knappe 2:3-Niederlage gegen <a href=\"https:\/\/www.laola1.at\/de\/daten\/news\/fussball\/hertha-bsc\/\" class=\"tag\" rel=\"nofollow noopener\" target=\"_blank\">Hertha BSC<\/a> hinnehmen.<\/p>\n<p>Der Berliner Traditionsklub geht nach zwei Minuten durch Sessa in F\u00fchrung, zehn Minuten sp\u00e4ter ist das Spiel aber gedreht: Ola-Adebomi (7.) und Baden-Frederiksen (12.) schie\u00dfen die Tiroler 2:1 in Front.<\/p>\n<p>Nach der Pause schn\u00fcrt Sessa (53.) seinen Doppelpack, Ndi (76.) schie\u00dft den deutschen Zweitligisten schlie\u00dflich zum Sieg.<\/p>\n<p>F\u00fcr die Tiroler war es die Generalprobe f\u00fcr den Auftakt in den UNIQA \u00d6FB-Cup am Freitag (18:30 Uhr) beim SC Wieselburg.<\/p>\n","protected":false},"excerpt":{"rendered":"Die SV Ried und der WAC haben in ihren vorletzten Testspielen der Sommer-Vorbereitung auf die neue Pflichtspiel-Saison Siege&hellip;\n","protected":false},"author":2,"featured_media":280392,"comment_status":"","ping_status":"","sticky":false,"template":"","format":"standard","meta":{"footnotes":"","_share_on_mastodon":"0"},"categories":[8],"tags":[1069,964,16264,33097,40,41,45747,39,4334,26899,38,9737,2278],"class_list":["post-280391","post","type-post","status-publish","format-standard","has-post-thumbnail","category-nachrichten","tag-admiral-bundesliga","tag-fussball","tag-hertha-bsc","tag-kapfenberger-sv","tag-nachrichten","tag-news","tag-rot-weiss-essen","tag-schlagzeilen","tag-sv-ried","tag-testspiel","tag-top-meldungen","tag-wolfsberger-ac","tag-wsg-tirol"],"share_on_mastodon":{"url":"https:\/\/pubeurope.com\/@at\/116936929890269960","error":""},"_links":{"self":[{"href":"https:\/\/www.europesays.com\/at\/wp-json\/wp\/v2\/posts\/280391","targetHints":{"allow":["GET"]}}],"collection":[{"href":"https:\/\/www.europesays.com\/at\/wp-json\/wp\/v2\/posts"}],"about":[{"href":"https:\/\/www.europesays.com\/at\/wp-json\/wp\/v2\/types\/post"}],"author":[{"embeddable":true,"href":"https:\/\/www.europesays.com\/at\/wp-json\/wp\/v2\/users\/2"}],"replies":[{"embeddable":true,"href":"https:\/\/www.europesays.com\/at\/wp-json\/wp\/v2\/comments?post=280391"}],"version-history":[{"count":0,"href":"https:\/\/www.europesays.com\/at\/wp-json\/wp\/v2\/posts\/280391\/revisions"}],"wp:featuredmedia":[{"embeddable":true,"href":"https:\/\/www.europesays.com\/at\/wp-json\/wp\/v2\/media\/280392"}],"wp:attachment":[{"href":"https:\/\/www.europesays.com\/at\/wp-json\/wp\/v2\/media?parent=280391"}],"wp:term":[{"taxonomy":"category","embeddable":true,"href":"https:\/\/www.europesays.com\/at\/wp-json\/wp\/v2\/categories?post=280391"},{"taxonomy":"post_tag","embeddable":true,"href":"https:\/\/www.europesays.com\/at\/wp-json\/wp\/v2\/tags?post=280391"}],"curies":[{"name":"wp","href":"https:\/\/api.w.org\/{rel}","templated":true}]}}