{"id":280851,"date":"2026-07-18T02:21:08","date_gmt":"2026-07-18T02:21:08","guid":{"rendered":"https:\/\/www.europesays.com\/at\/280851\/"},"modified":"2026-07-18T02:21:08","modified_gmt":"2026-07-18T02:21:08","slug":"fp-haimbuchner-und-hammerl-zu-ets-reform-vollstaendige-abschaffung-des-europaeischen-emissionshandels-ist-nach-wie-vor-notwendig","status":"publish","type":"post","link":"https:\/\/www.europesays.com\/at\/280851\/","title":{"rendered":"FP-Haimbuchner und Hammerl zu ETS-Reform: \u201eVollst\u00e4ndige Abschaffung des Europ\u00e4ischen Emissionshandels ist nach wie vor notwendig\u201c"},"content":{"rendered":"<p>Linz (OTS) &#8211;\u00a0<\/p>\n<p>Die EU-Kommission will in einem heute vorgestellten Reformpaket den Europ\u00e4ischen Emissionshandel umgestalten. Davon umfasst sind die verlangsamte Verknappung der CO2-Zertifikate, die Verl\u00e4ngerung der Gratiszertifikate f\u00fcr energieintensive Betriebe und zus\u00e4tzliche Zertifikate im Milliardenwert f\u00fcr die Industrie. \u201eDie heute pr\u00e4sentierte Reform ist ein offenes Eingest\u00e4ndnis dessen, was wir Freiheitlichen seit Jahren sagen: dass der CO2-Handel Europas Industrie, Arbeitspl\u00e4tze und Wettbewerbsf\u00e4higkeit massiv besch\u00e4digt. Anstatt dieses gescheiterte System abzuschaffen, wird es lediglich mit neuen Ausnahmen, Auflagen und F\u00f6rderungen k\u00fcnstlich am Leben gehalten\u201c, kritisiert der stv. FP\u00d6-Bundesparteiobmann Dr. Manfred Haimbuchner. *****<\/p>\n<p>Zwtl.: \u00d6sterreichs Bundesregierung schweigt zu Verteuerung von Treibstoffen<\/p>\n<p>Die Reform bringt jedoch zugleich auch neue Kosten f\u00fcr Industrie und Endverbraucher, so der stv. freiheitliche Energiesprecher im Nationalrat, Mag. Paul Hammerl: \u201eIm Zuge der Reform soll nun via ETS 2 der CO2-Handel auf Tanken und Heizen ausgeweitet werden. Zehn EU-Staaten haben sich ausdr\u00fccklich gegen diese neue Belastung ausgesprochen, aber \u00d6sterreich fehlte in dieser Allianz. Die \u00f6sterreichische Bundesregierung h\u00e4tte gemeinsam mit Italien, Polen, Tschechien, Ungarn und weiteren Staaten gegen die n\u00e4chste Kostenlawine auftreten k\u00f6nnen. Stattdessen akzeptiert sie, dass Benzin, Diesel, Gas und Heiz\u00f6l durch zus\u00e4tzliche CO2-Kosten noch teurer werden.\u201c Diese Kosten w\u00fcrden am Ende nicht nur Autofahrer und Haushalte treffen, sondern jeden Transport, jedes Lebensmittel und nahezu jedes Produkt verteuern, erkl\u00e4rt Hammerl.<\/p>\n<p>\u201e\u00d6sterreich muss sich endlich den Staaten anschlie\u00dfen, die gegen ETS 2 und die weitere Ausweitung des CO\u2082-Handels k\u00e4mpfen. Die nationale CO2-Steuer muss abgeschafft und der europ\u00e4ische Zertifikatehandel grunds\u00e4tzlich zur\u00fcckgenommen werden. Die Menschen brauchen leistbares Heizen und Tanken \u2013 keine neuen CO2-Strafsteuern\u201c, so Haimbuchner und Hammerl abschlie\u00dfend.<\/p>\n<p _ngcontent-ng-c403161360=\"\"> OTS-ORIGINALTEXT PRESSEAUSSENDUNG UNTER AUSSCHLIESSLICHER<br \/>\nINHALTLICHER VERANTWORTUNG DES AUSSENDERS &#8211; WWW.OTS.AT | FLO<\/p>\n","protected":false},"excerpt":{"rendered":"Linz (OTS) &#8211;\u00a0 Die EU-Kommission will in einem heute vorgestellten Reformpaket den Europ\u00e4ischen Emissionshandel umgestalten. Davon umfasst sind&hellip;\n","protected":false},"author":2,"featured_media":280852,"comment_status":"","ping_status":"","sticky":false,"template":"","format":"standard","meta":{"footnotes":"","_share_on_mastodon":"0"},"categories":[12],"tags":[26393,26395,8501,7134,74994,680,24255,52052,40,41,26394,39,66,65,64],"class_list":["post-280851","post","type-post","status-publish","format-standard","has-post-thumbnail","category-welt","tag-apa","tag-apa-ots","tag-emissionshandel","tag-energiemarkt","tag-ets-reform","tag-fpoe","tag-haimbuchner","tag-hammerl","tag-nachrichten","tag-news","tag-ots","tag-schlagzeilen","tag-welt","tag-world","tag-world-news"],"share_on_mastodon":{"url":"https:\/\/pubeurope.com\/@at\/116938597021880712","error":""},"_links":{"self":[{"href":"https:\/\/www.europesays.com\/at\/wp-json\/wp\/v2\/posts\/280851","targetHints":{"allow":["GET"]}}],"collection":[{"href":"https:\/\/www.europesays.com\/at\/wp-json\/wp\/v2\/posts"}],"about":[{"href":"https:\/\/www.europesays.com\/at\/wp-json\/wp\/v2\/types\/post"}],"author":[{"embeddable":true,"href":"https:\/\/www.europesays.com\/at\/wp-json\/wp\/v2\/users\/2"}],"replies":[{"embeddable":true,"href":"https:\/\/www.europesays.com\/at\/wp-json\/wp\/v2\/comments?post=280851"}],"version-history":[{"count":0,"href":"https:\/\/www.europesays.com\/at\/wp-json\/wp\/v2\/posts\/280851\/revisions"}],"wp:featuredmedia":[{"embeddable":true,"href":"https:\/\/www.europesays.com\/at\/wp-json\/wp\/v2\/media\/280852"}],"wp:attachment":[{"href":"https:\/\/www.europesays.com\/at\/wp-json\/wp\/v2\/media?parent=280851"}],"wp:term":[{"taxonomy":"category","embeddable":true,"href":"https:\/\/www.europesays.com\/at\/wp-json\/wp\/v2\/categories?post=280851"},{"taxonomy":"post_tag","embeddable":true,"href":"https:\/\/www.europesays.com\/at\/wp-json\/wp\/v2\/tags?post=280851"}],"curies":[{"name":"wp","href":"https:\/\/api.w.org\/{rel}","templated":true}]}}