{"id":281557,"date":"2026-07-18T12:05:09","date_gmt":"2026-07-18T12:05:09","guid":{"rendered":"https:\/\/www.europesays.com\/at\/281557\/"},"modified":"2026-07-18T12:05:09","modified_gmt":"2026-07-18T12:05:09","slug":"fp-haimbuchner-rabl-zu-ets-reform-bundesregierung-muss-einbeziehung-der-muellverbrennung-in-den-emissionshandel-verhindern","status":"publish","type":"post","link":"https:\/\/www.europesays.com\/at\/281557\/","title":{"rendered":"FP-Haimbuchner\/Rabl zu ETS-Reform: \u201eBundesregierung muss Einbeziehung der M\u00fcllverbrennung in den Emissionshandel verhindern\u201c"},"content":{"rendered":"<p>Linz (OTS) &#8211;\u00a0<\/p>\n<p>Mit der von Seiten der EU-Kommission angek\u00fcndigten Reform des ETS-Systems soll k\u00fcnftig auch die M\u00fcllverbrennung in den Emissionshandel einbezogen werden. Eine fatale Fehlentscheidung, so der stv. Landeshauptmann Ober\u00f6sterreichs, Dr. Manfred Haimbuchner: \u201eDie dann anfallenden CO2-Kosten werden nicht dazu f\u00fchren, dass in den Haushalten pl\u00f6tzlich weniger Restm\u00fcll anf\u00e4llt. Die Kosten werden vielmehr auf die M\u00fcllgeb\u00fchren und auf die Fernw\u00e4rmepreise aufgeschlagen und. Das ist eine v\u00f6llig inakzeptable Belastung.\u201c Wie sich der Br\u00fcssler Irrweg in der Praxis konkret auswirken wird, zeigt das Beispiel Wels: \u201eMehr als 90 Prozent der Welser Fernw\u00e4rme werden aus der ohnehin anfallenden Abw\u00e4rme der M\u00fcllverbrennung erzeugt. Wird diese Anlage mit CO2-Zertifikaten belastet, zahlen das am Ende die Haushalte\u201c, so der Welser B\u00fcrgermeister, Dr. Andreas Rabl. <\/p>\n<p>Forderung: \u00d6sterreich muss sich Allianz von Staaten anschlie\u00dfen, die Emissionshandel beenden wollen<\/p>\n<p>Auch \u00f6kologisch sei die Ma\u00dfnahme nicht nachvollziehbar, betonen beide Freiheitliche. Nicht verwertbarer Siedlungsabfall k\u00f6nne entweder verbrannt oder deponiert werden. Die Deponierung unbehandelter Abf\u00e4lle sei in \u00d6sterreich aus gutem Grund verboten, weil dabei Methan entsteht, das auf kurze Sicht rund 80-mal klimasch\u00e4dlicher als CO2 ist: \u201e\u00d6sterreich setzt seit Jahren erfolgreich auf Recycling und die saubere Verbrennung des verbleibenden Restm\u00fclls. Die dabei entstehende W\u00e4rme wird zum Heizen genutzt. Dieses bew\u00e4hrte System jetzt mit zus\u00e4tzlichen CO2-Kosten zu bestrafen, ist weder sozial noch \u00f6kologisch sinnvoll\u201c, so Haimbuchner und Rabl. Abschlie\u00dfend fordern daher beide die Bundesregierung auf, die Einbeziehung der M\u00fcllverbrennung in den EU-Emissionshandel auf europ\u00e4ischer Ebene zu verhindern und sich der gr\u00f6\u00dfer werdenden Zahl an Staaten anzuschlie\u00dfen, die sich f\u00fcr die R\u00fccknahme der Reform und das Ende des Emissionshandels einsetzen.<\/p>\n<p _ngcontent-ng-c403161360=\"\"> OTS-ORIGINALTEXT PRESSEAUSSENDUNG UNTER AUSSCHLIESSLICHER<br \/>\nINHALTLICHER VERANTWORTUNG DES AUSSENDERS &#8211; WWW.OTS.AT | FLO<\/p>\n","protected":false},"excerpt":{"rendered":"Linz (OTS) &#8211;\u00a0 Mit der von Seiten der EU-Kommission angek\u00fcndigten Reform des ETS-Systems soll k\u00fcnftig auch die M\u00fcllverbrennung&hellip;\n","protected":false},"author":2,"featured_media":280852,"comment_status":"","ping_status":"","sticky":false,"template":"","format":"standard","meta":{"footnotes":"","_share_on_mastodon":"0"},"categories":[12],"tags":[26393,26395,56276,680,24255,40,41,26394,269,75102,39,66,65,64],"class_list":["post-281557","post","type-post","status-publish","format-standard","has-post-thumbnail","category-welt","tag-apa","tag-apa-ots","tag-e","tag-fpoe","tag-haimbuchner","tag-nachrichten","tag-news","tag-ots","tag-politik","tag-rabl","tag-schlagzeilen","tag-welt","tag-world","tag-world-news"],"share_on_mastodon":{"url":"https:\/\/pubeurope.com\/@at\/116940893379290804","error":""},"_links":{"self":[{"href":"https:\/\/www.europesays.com\/at\/wp-json\/wp\/v2\/posts\/281557","targetHints":{"allow":["GET"]}}],"collection":[{"href":"https:\/\/www.europesays.com\/at\/wp-json\/wp\/v2\/posts"}],"about":[{"href":"https:\/\/www.europesays.com\/at\/wp-json\/wp\/v2\/types\/post"}],"author":[{"embeddable":true,"href":"https:\/\/www.europesays.com\/at\/wp-json\/wp\/v2\/users\/2"}],"replies":[{"embeddable":true,"href":"https:\/\/www.europesays.com\/at\/wp-json\/wp\/v2\/comments?post=281557"}],"version-history":[{"count":0,"href":"https:\/\/www.europesays.com\/at\/wp-json\/wp\/v2\/posts\/281557\/revisions"}],"wp:featuredmedia":[{"embeddable":true,"href":"https:\/\/www.europesays.com\/at\/wp-json\/wp\/v2\/media\/280852"}],"wp:attachment":[{"href":"https:\/\/www.europesays.com\/at\/wp-json\/wp\/v2\/media?parent=281557"}],"wp:term":[{"taxonomy":"category","embeddable":true,"href":"https:\/\/www.europesays.com\/at\/wp-json\/wp\/v2\/categories?post=281557"},{"taxonomy":"post_tag","embeddable":true,"href":"https:\/\/www.europesays.com\/at\/wp-json\/wp\/v2\/tags?post=281557"}],"curies":[{"name":"wp","href":"https:\/\/api.w.org\/{rel}","templated":true}]}}