{"id":282045,"date":"2026-07-18T19:34:12","date_gmt":"2026-07-18T19:34:12","guid":{"rendered":"https:\/\/www.europesays.com\/at\/282045\/"},"modified":"2026-07-18T19:34:12","modified_gmt":"2026-07-18T19:34:12","slug":"tragischer-unfall-in-oetztaler-alpen-63-jaehriger-deutscher-stuerzte-auf-wildspitze-in-den-tod","status":"publish","type":"post","link":"https:\/\/www.europesays.com\/at\/282045\/","title":{"rendered":"Tragischer Unfall in \u00d6tztaler Alpen: 63-j\u00e4hriger Deutscher st\u00fcrzte auf Wildspitze in den Tod"},"content":{"rendered":"<p _ngcontent-tt-com-www-c3219541002=\"\" data-cy=\"preamble\">Ein 63-j\u00e4hriger deutscher Bergsteiger ist am Samstag bei einer gef\u00fchrten Tour auf die Wildspitze t\u00f6dlich verungl\u00fcckt. Der Mann st\u00fcrzte beim Abstieg \u00fcber den S\u00fcdwestgrat rund 200 Meter durch steiles Gel\u00e4nde ab und erlitt dabei t\u00f6dliche Verletzungen.<\/p>\n<p _ngcontent-tt-com-www-c3071245697=\"\" data-cy=\"body\">S\u00f6lden \u2013 Gef\u00fchrt von einem 36-j\u00e4hrigen Trainer des Deutschen Alpenvereins war am Samstag eine f\u00fcnfk\u00f6pfige Gruppe vom Taschachhaus \u00fcber den Taschachferner in Richtung des 3774 Meter hohen Gipfels aufgebrochen. Beim Retourweg \u00fcber den S\u00fcdwestgrat stieg die gesamte Gruppe ohne Seil ab. Auf einer H\u00f6he von rund 3700 Metern verlor ein als Dritter gehender 63-j\u00e4hriger Deutscher aus bisher unbekannter Ursache das Gleichgewicht. Er st\u00fcrzte mit dem R\u00fccken voraus etwa 200 Meter \u00fcber extrem steiles Gel\u00e4nde in s\u00fcdlicher Richtung ab und erlitt t\u00f6dliche Verletzungen. <\/p>\n<p _ngcontent-tt-com-www-c3071245697=\"\" data-cy=\"body\">Der Verungl\u00fcckte wurde mit dem Polizeihubschrauber geborgen, der Rest der Gruppe stieg noch bis zum Taschachhaus ab und wurde dort von einem Kriseninterventionsteam betreut. Die Ermittlungen laufen. (TT)<\/p>\n","protected":false},"excerpt":{"rendered":"Ein 63-j\u00e4hriger deutscher Bergsteiger ist am Samstag bei einer gef\u00fchrten Tour auf die Wildspitze t\u00f6dlich verungl\u00fcckt. Der Mann&hellip;\n","protected":false},"author":2,"featured_media":282046,"comment_status":"","ping_status":"","sticky":false,"template":"","format":"standard","meta":{"footnotes":"","_share_on_mastodon":"0"},"categories":[8],"tags":[5400,17985,13047,40,41,75195,39,27976,38,232],"class_list":["post-282045","post","type-post","status-publish","format-standard","has-post-thumbnail","category-nachrichten","tag-alpinunfall","tag-dav","tag-imst-bezirk","tag-nachrichten","tag-news","tag-polizeihubschrauber","tag-schlagzeilen","tag-soelden","tag-top-meldungen","tag-unfall"],"share_on_mastodon":{"url":"https:\/\/pubeurope.com\/@at\/116942658751144559","error":""},"_links":{"self":[{"href":"https:\/\/www.europesays.com\/at\/wp-json\/wp\/v2\/posts\/282045","targetHints":{"allow":["GET"]}}],"collection":[{"href":"https:\/\/www.europesays.com\/at\/wp-json\/wp\/v2\/posts"}],"about":[{"href":"https:\/\/www.europesays.com\/at\/wp-json\/wp\/v2\/types\/post"}],"author":[{"embeddable":true,"href":"https:\/\/www.europesays.com\/at\/wp-json\/wp\/v2\/users\/2"}],"replies":[{"embeddable":true,"href":"https:\/\/www.europesays.com\/at\/wp-json\/wp\/v2\/comments?post=282045"}],"version-history":[{"count":0,"href":"https:\/\/www.europesays.com\/at\/wp-json\/wp\/v2\/posts\/282045\/revisions"}],"wp:featuredmedia":[{"embeddable":true,"href":"https:\/\/www.europesays.com\/at\/wp-json\/wp\/v2\/media\/282046"}],"wp:attachment":[{"href":"https:\/\/www.europesays.com\/at\/wp-json\/wp\/v2\/media?parent=282045"}],"wp:term":[{"taxonomy":"category","embeddable":true,"href":"https:\/\/www.europesays.com\/at\/wp-json\/wp\/v2\/categories?post=282045"},{"taxonomy":"post_tag","embeddable":true,"href":"https:\/\/www.europesays.com\/at\/wp-json\/wp\/v2\/tags?post=282045"}],"curies":[{"name":"wp","href":"https:\/\/api.w.org\/{rel}","templated":true}]}}