{"id":282859,"date":"2026-07-19T10:26:07","date_gmt":"2026-07-19T10:26:07","guid":{"rendered":"https:\/\/www.europesays.com\/at\/282859\/"},"modified":"2026-07-19T10:26:07","modified_gmt":"2026-07-19T10:26:07","slug":"sand-aus-der-sahara-zunahme-von-wuestenstaub-belastet-in-europa-gesundheit-und-wirtschaft-2","status":"publish","type":"post","link":"https:\/\/www.europesays.com\/at\/282859\/","title":{"rendered":"Sand aus der Sahara: Zunahme von W\u00fcstenstaub belastet in Europa Gesundheit und Wirtschaft"},"content":{"rendered":"<p class=\"paragraph article__item\">In <a class=\"rtr-entity\" href=\"https:\/\/www.zeit.de\/thema\/europa\" rel=\"nofollow noopener\" target=\"_blank\">Europa<\/a> geht immer mehr W\u00fcstenstaub aus Nordafrika nieder. \u00bbDas hat Folgen f\u00fcr die Gesundheit und die Solarstromproduktion\u00ab, schreiben Forscher des schweizerischen Paul Scherrer-Instituts (PSI) in der Fachzeitschrift Nature.<\/p>\n<p class=\"paragraph article__item\">Die W\u00fcstenstaubmenge ist demnach in den vergangenen zehn Jahren um zehn bis 25 Prozent gestiegen. Weitere Daten zeigten zudem, dass sich die Belastung \u00fcber die vergangenen 150 Jahre mehr als verdoppelt hat. Forscherinnen und Forscher hatten daf\u00fcr Eis aus den Alpen untersucht.\n<\/p>\n<p>                                    Klimawandel weitet W\u00fcstengebiete            <\/p>\n<p class=\"paragraph article__item\">F\u00fcr diesen Trend gibt es mehrere Ursachen: Zum einen dehnen sich W\u00fcstengebiete wie die <a class=\"rtr-entity\" href=\"https:\/\/www.zeit.de\/thema\/sahara\" rel=\"nofollow noopener\" target=\"_blank\">Sahara<\/a> im Zuge des Klimawandels<br \/>\naus. Zudem habe sich die atmosph\u00e4rische Zirkulation ge\u00e4ndert, hei\u00dft es<br \/>\nin dem Bericht. Es gebe mehr starke Winde aus der Sahara-Region Richtung<br \/>\n Europa.\n<\/p>\n<p class=\"paragraph article__item\">Dadurch w\u00fcrde es nicht mehr St\u00fcrme geben, jedoch w\u00fcrden einzelnen St\u00fcrme st\u00e4rker und transportierten mehr Staub. <a href=\"https:\/\/www.zeit.de\/gesellschaft\/zeitgeschehen\/2024-04\/saharastaub-griechenland-rot-himmel-notaufnahme-husten\" target=\"_blank\" rel=\"nofollow noopener\"> Besonders betroffen ist S\u00fcdeuropa<\/a>. In L\u00e4ndern wie Griechenland, Italien, Spanien und Portugal liegt die durchschnittliche<br \/>\nW\u00fcstenstaubkonzentration bei 5,3 Mikrogramm pro Kubikmeter Luft \u2013 mehr<br \/>\nals doppelt so viel wie in Mittel- und Nordeuropa mit 2,1 Mikrogramm.\n<\/p>\n<p>            Auswirkungen auf die Stromversorgung            <\/p>\n<p class=\"paragraph article__item\">Das hat mehrere Auswirkungen, etwa auf die Produktion von Strom durch Solaranlagen. Zum einen lagert sich der Staub auf Solarmodulen ab. Zum anderen kommt durch den Staub in der Luft nur noch ein Bruchteil des Sonnenlichts auf den Solarmodulen an.\u00a0\n<\/p>\n<p class=\"paragraph article__item\">Beides mindert den Stromertrag.<br \/>\nEnergieversorger k\u00f6nnten mit Vorwarnung andere Kraftwerke hochfahren und<br \/>\n die Netzstabilit\u00e4t so sichern.\n<\/p>\n<p>            Gefahr f\u00fcr \u00e4ltere Menschen            <\/p>\n<p class=\"paragraph article__item\"><a href=\"https:\/\/www.zeit.de\/news\/2025-07\/10\/etliche-millionen-menschen-leiden-bei-sand-und-staubstuermen\" target=\"_blank\" rel=\"nofollow noopener\">Zudem gef\u00e4hrdet der Sand die Gesundheit<\/a>, vor allem bei Menschen mit Herz- oder Lungenerkrankungen sowie \u00e4lteren Menschen. Studien h\u00e4tten gezeigt, dass an Tagen mit hoher W\u00fcstenstaubkonzentration<br \/>\n in der Luft mehr Menschen an Herzinfarkten und Atemproblemen sterben<br \/>\nals sonst, schreiben die Wissenschaftler.\n<\/p>\n<p>                            \u00a9\u00a0unsplash.com<\/p>\n<p>\n                                        Newsletter<br \/>\n                                        Das tut mir gut \u2013 Der ZEIT-Gesundheitsnewsletter<\/p>\n<p class=\"newsletter-signup__text\">Einmal die Woche sammeln wir f\u00fcr Sie im ZEIT-Gesundheitsnewsletter die spannendsten Texte zu allem, was guttut. Darunter Tipps aus Psychologie und Medizin, Sport und Ern\u00e4hrung.<\/p>\n<p class=\"newsletter-signup__datapolicy\" hidden=\"\">\n            Mit Ihrer Registrierung nehmen Sie die <a href=\"https:\/\/datenschutz.zeit.de\/zon#Newsletter\" target=\"_blank\" rel=\"nofollow noopener\">Datenschutzerkl\u00e4rung<\/a><br \/>\n     zur Kenntnis.\n        <\/p>\n<p>    Vielen Dank! Wir haben Ihnen eine E-Mail geschickt.<\/p>\n<p>Pr\u00fcfen Sie Ihr Postfach und best\u00e4tigen Sie das Newsletter-Abonnement.<\/p>\n<p class=\"paragraph article__item\">F\u00fcr langfristige Folgen wie<br \/>\nAsthma, chronische Bronchitis oder Staublunge fehlten aber noch<br \/>\nLangzeitstudien. Wer gesundheitlich vorbelastet ist, sollte an Tagen mit hoher W\u00fcstenstaubbelastung m\u00f6glichst in Innenr\u00e4umen bleiben und k\u00f6rperliche Aktivit\u00e4ten im Freien meiden.\n<\/p>\n<p class=\"paragraph article__item\">Man erkennt W\u00fcstenstaub an <a href=\"https:\/\/www.zeit.de\/wissen\/2022-03\/sahara-sand-fs\" target=\"_blank\" rel=\"nofollow noopener\">gelblich-tr\u00fcber Luft, r\u00f6tlichen Sonnenunterg\u00e4ngen und staubigem Belag, etwa auf Autos<\/a>. Vorgeschlagen werden auch Warnsysteme, wie sie bereits f\u00fcr st\u00e4dtischen Feinstaub oder Pollenflug existieren.\n<\/p>\n<p>Mehr zum Thema<\/p>\n<p>            Feinstaub        <\/p>\n<p>                <a href=\"https:\/\/www.zeit.de\/2007\/50\/Globalstaub\" data-ct-label=\"Umwelt: Die W\u00fcste schwebt\" data-uuid=\"80639fb6-ad64-4eed-b37b-4e345fefed0f\" rel=\"nofollow noopener\" target=\"_blank\"><\/p>\n<p>        Z+ (registrierungspflichtiger Inhalt);<\/p>\n<p>    Umwelt:<br \/>\n                        Die W\u00fcste schwebt<\/p>\n<p>                <\/a><\/p>\n<p>                <a href=\"https:\/\/www.zeit.de\/wissen\/gesundheit\/2015-09\/luftverschmutzung-feinstaub-tote-weltweit\" data-ct-label=\"Luftverschmutzung: So t\u00f6dlich ist Feinstaub\" data-uuid=\"b6a4cf5c-3bd7-4948-83b7-51a59e9a1eb8\" rel=\"nofollow noopener\" target=\"_blank\"><\/p>\n<p>                        Luftverschmutzung:<br \/>\n                        So t\u00f6dlich ist Feinstaub<\/p>\n<p>                <\/a><\/p>\n<p>                <a href=\"https:\/\/www.zeit.de\/gesellschaft\/zeitgeschehen\/2024-04\/saharastaub-griechenland-rot-himmel-notaufnahme-husten\" data-ct-label=\"Saharastaub: Rote Wolken \u00fcber Athen sorgen f\u00fcr vollere Notaufnahmen\" data-uuid=\"b262cb69-5b0b-4f8d-a999-785bd54c1c9a\" rel=\"nofollow noopener\" target=\"_blank\"><\/p>\n<p>                        Saharastaub:<br \/>\n                        Rote Wolken \u00fcber Athen sorgen f\u00fcr vollere Notaufnahmen<\/p>\n<p>                <\/a><\/p>\n","protected":false},"excerpt":{"rendered":"In Europa geht immer mehr W\u00fcstenstaub aus Nordafrika nieder. \u00bbDas hat Folgen f\u00fcr die Gesundheit und die Solarstromproduktion\u00ab,&hellip;\n","protected":false},"author":2,"featured_media":282860,"comment_status":"","ping_status":"","sticky":false,"template":"","format":"standard","meta":{"footnotes":"","_share_on_mastodon":"0"},"categories":[3],"tags":[76,75,74,124,37139,3281,31930,60791,75355,57234],"class_list":["post-282859","post","type-post","status-publish","format-standard","has-post-thumbnail","category-europa","tag-eu","tag-europa","tag-europe","tag-gesundheit","tag-gesundheitsrisiko","tag-klimawandel","tag-nordafrika","tag-sahara","tag-sand-aus-der-sahara","tag-wueste"],"share_on_mastodon":{"url":"https:\/\/pubeurope.com\/@at\/116946166407400640","error":""},"_links":{"self":[{"href":"https:\/\/www.europesays.com\/at\/wp-json\/wp\/v2\/posts\/282859","targetHints":{"allow":["GET"]}}],"collection":[{"href":"https:\/\/www.europesays.com\/at\/wp-json\/wp\/v2\/posts"}],"about":[{"href":"https:\/\/www.europesays.com\/at\/wp-json\/wp\/v2\/types\/post"}],"author":[{"embeddable":true,"href":"https:\/\/www.europesays.com\/at\/wp-json\/wp\/v2\/users\/2"}],"replies":[{"embeddable":true,"href":"https:\/\/www.europesays.com\/at\/wp-json\/wp\/v2\/comments?post=282859"}],"version-history":[{"count":0,"href":"https:\/\/www.europesays.com\/at\/wp-json\/wp\/v2\/posts\/282859\/revisions"}],"wp:featuredmedia":[{"embeddable":true,"href":"https:\/\/www.europesays.com\/at\/wp-json\/wp\/v2\/media\/282860"}],"wp:attachment":[{"href":"https:\/\/www.europesays.com\/at\/wp-json\/wp\/v2\/media?parent=282859"}],"wp:term":[{"taxonomy":"category","embeddable":true,"href":"https:\/\/www.europesays.com\/at\/wp-json\/wp\/v2\/categories?post=282859"},{"taxonomy":"post_tag","embeddable":true,"href":"https:\/\/www.europesays.com\/at\/wp-json\/wp\/v2\/tags?post=282859"}],"curies":[{"name":"wp","href":"https:\/\/api.w.org\/{rel}","templated":true}]}}