{"id":283448,"date":"2026-07-19T17:45:25","date_gmt":"2026-07-19T17:45:25","guid":{"rendered":"https:\/\/www.europesays.com\/at\/283448\/"},"modified":"2026-07-19T17:45:25","modified_gmt":"2026-07-19T17:45:25","slug":"neuer-stuermer-fuer-schwarz-weiss-sk-sturm","status":"publish","type":"post","link":"https:\/\/www.europesays.com\/at\/283448\/","title":{"rendered":"Neuer St\u00fcrmer f\u00fcr Schwarz-Wei\u00df | SK Sturm"},"content":{"rendered":"<p>Gesch\u00e4ftsf\u00fchrer Sport Michael Parensen: \u201eMit Nelson Weiper konnten wir unsere Wunschl\u00f6sung f\u00fcr den Angriff nach Graz holen. Mit seiner K\u00f6rpergr\u00f6\u00dfe, Physis und Pr\u00e4senz im Strafraum erf\u00fcllt er das von uns gesuchte Profil optimal. Mit dieser Leihe erh\u00f6hen wir unsere Qualit\u00e4t im Angriff und k\u00f6nnen ein tolles Gesamtpaket aus Erfahrung in einer Top5-Liga, Torj\u00e4gerqualit\u00e4t und Entwicklungsf\u00e4higkeit verpflichten. Wir freuen uns sehr, dass sich Nelson f\u00fcr den SK Sturm entschieden hat und darauf, ihn in unserem Trikot zu sehen.&#8220;<\/p>\n","protected":false},"excerpt":{"rendered":"Gesch\u00e4ftsf\u00fchrer Sport Michael Parensen: \u201eMit Nelson Weiper konnten wir unsere Wunschl\u00f6sung f\u00fcr den Angriff nach Graz holen. Mit&hellip;\n","protected":false},"author":2,"featured_media":283449,"comment_status":"","ping_status":"","sticky":false,"template":"","format":"standard","meta":{"footnotes":"","_share_on_mastodon":"0"},"categories":[29],"tags":[46,42,75467,75466,75462,75469,58419,183,63972,11909,42386,75464,44,75468,75465,75463,13529,74927],"class_list":["post-283448","post","type-post","status-publish","format-standard","has-post-thumbnail","category-graz","tag-at","tag-austria","tag-bekam","tag-bundesligisten","tag-deutschlands","tag-gelangen","tag-gibt","tag-graz","tag-leihweise","tag-mainz","tag-nachwuchsspieler","tag-nelson","tag-oesterreich","tag-pflichtspielern","tag-u21-teamspieler","tag-verliehen","tag-verpflichtung","tag-weiper"],"share_on_mastodon":{"url":"https:\/\/pubeurope.com\/@at\/116947892822026894","error":""},"_links":{"self":[{"href":"https:\/\/www.europesays.com\/at\/wp-json\/wp\/v2\/posts\/283448","targetHints":{"allow":["GET"]}}],"collection":[{"href":"https:\/\/www.europesays.com\/at\/wp-json\/wp\/v2\/posts"}],"about":[{"href":"https:\/\/www.europesays.com\/at\/wp-json\/wp\/v2\/types\/post"}],"author":[{"embeddable":true,"href":"https:\/\/www.europesays.com\/at\/wp-json\/wp\/v2\/users\/2"}],"replies":[{"embeddable":true,"href":"https:\/\/www.europesays.com\/at\/wp-json\/wp\/v2\/comments?post=283448"}],"version-history":[{"count":0,"href":"https:\/\/www.europesays.com\/at\/wp-json\/wp\/v2\/posts\/283448\/revisions"}],"wp:featuredmedia":[{"embeddable":true,"href":"https:\/\/www.europesays.com\/at\/wp-json\/wp\/v2\/media\/283449"}],"wp:attachment":[{"href":"https:\/\/www.europesays.com\/at\/wp-json\/wp\/v2\/media?parent=283448"}],"wp:term":[{"taxonomy":"category","embeddable":true,"href":"https:\/\/www.europesays.com\/at\/wp-json\/wp\/v2\/categories?post=283448"},{"taxonomy":"post_tag","embeddable":true,"href":"https:\/\/www.europesays.com\/at\/wp-json\/wp\/v2\/tags?post=283448"}],"curies":[{"name":"wp","href":"https:\/\/api.w.org\/{rel}","templated":true}]}}