{"id":283568,"date":"2026-07-19T19:36:08","date_gmt":"2026-07-19T19:36:08","guid":{"rendered":"https:\/\/www.europesays.com\/at\/283568\/"},"modified":"2026-07-19T19:36:08","modified_gmt":"2026-07-19T19:36:08","slug":"ukraine-krieg-russland-attackiert-tuerkisches-frachtschiff-fuenf-tote","status":"publish","type":"post","link":"https:\/\/www.europesays.com\/at\/283568\/","title":{"rendered":"Ukraine-Krieg: Russland attackiert t\u00fcrkisches Frachtschiff \u2013 f\u00fcnf Tote"},"content":{"rendered":"<p>Newsblog zum Krieg in der Ukraine <\/p>\n<p>Russland attackiert t\u00fcrkisches Frachtschiff \u2013 f\u00fcnf Tote<\/p>\n<p>Von <a href=\"https:\/\/www.t-online.de\/author\/id_92437676\/julian-seiferth.html\" class=\"transition-colors cursor-pointer no-underline md:hover:text-magenta md:focus:text-magenta text-inherit\" rel=\"nofollow noopener\" target=\"_blank\">J. Seiferth<\/a>, <a href=\"https:\/\/www.t-online.de\/author\/id_92389050\/tobias-schibilla.html\" class=\"transition-colors cursor-pointer no-underline md:hover:text-magenta md:focus:text-magenta text-inherit\" rel=\"nofollow noopener\" target=\"_blank\">T. Schibilla<\/a>, <a href=\"https:\/\/www.t-online.de\/author\/id_100490570\/finn-michalski.html\" class=\"transition-colors cursor-pointer no-underline md:hover:text-magenta md:focus:text-magenta text-inherit\" rel=\"nofollow noopener\" target=\"_blank\">F. Michalski<\/a>, <a href=\"https:\/\/www.t-online.de\/author\/id_90737704\/christoph-coeln.html\" class=\"transition-colors cursor-pointer no-underline md:hover:text-magenta md:focus:text-magenta text-inherit\" rel=\"nofollow noopener\" target=\"_blank\">C. C\u00f6ln<\/a>, <a href=\"https:\/\/www.t-online.de\/author\/id_100402234\/jakob-hartung.html\" class=\"transition-colors cursor-pointer no-underline md:hover:text-magenta md:focus:text-magenta text-inherit\" rel=\"nofollow noopener\" target=\"_blank\">J. Hartung<\/a>, <a href=\"https:\/\/www.t-online.de\/author\/id_83403284\/martin-kueper.html\" class=\"transition-colors cursor-pointer no-underline md:hover:text-magenta md:focus:text-magenta text-inherit\" rel=\"nofollow noopener\" target=\"_blank\">M. K\u00fcper<\/a>, <a href=\"https:\/\/www.t-online.de\/author\/id_100237118\/simon-cleven.html\" class=\"transition-colors cursor-pointer no-underline md:hover:text-magenta md:focus:text-magenta text-inherit\" rel=\"nofollow noopener\" target=\"_blank\">S. Cleven<\/a>, <a href=\"https:\/\/www.t-online.de\/author\/id_92328834\/charlotta-siemer.html\" class=\"transition-colors cursor-pointer no-underline md:hover:text-magenta md:focus:text-magenta text-inherit\" rel=\"nofollow noopener\" target=\"_blank\">C. Siemer<\/a>, <a href=\"https:\/\/www.t-online.de\/author\/id_100625084\/peter-riesbeck.html\" class=\"transition-colors cursor-pointer no-underline md:hover:text-magenta md:focus:text-magenta text-inherit\" rel=\"nofollow noopener\" target=\"_blank\">P. Riesbeck<\/a>, <a href=\"https:\/\/www.t-online.de\/author\/id_83634734\/anna-lena-janzen.html\" class=\"transition-colors cursor-pointer no-underline md:hover:text-magenta md:focus:text-magenta text-inherit\" rel=\"nofollow noopener\" target=\"_blank\">A. Janzen<\/a>, <a href=\"https:\/\/www.t-online.de\/author\/id_89234910\/thomas-wanhoff.html\" class=\"transition-colors cursor-pointer no-underline md:hover:text-magenta md:focus:text-magenta text-inherit\" rel=\"nofollow noopener\" target=\"_blank\">T. Wanhoff<\/a>, <a href=\"https:\/\/www.t-online.de\/author\/id_87278814\/mauritius-kloft.html\" class=\"transition-colors cursor-pointer no-underline md:hover:text-magenta md:focus:text-magenta text-inherit\" rel=\"nofollow noopener\" target=\"_blank\">M. Kloft<\/a>, <a href=\"https:\/\/www.t-online.de\/author\/id_100365168\/julian-alexander-fischer.html\" class=\"transition-colors cursor-pointer no-underline md:hover:text-magenta md:focus:text-magenta text-inherit\" rel=\"nofollow noopener\" target=\"_blank\">J. Fischer<\/a>, <a href=\"https:\/\/www.t-online.de\/author\/id_101071538\/marisa-lattemann.html\" class=\"transition-colors cursor-pointer no-underline md:hover:text-magenta md:focus:text-magenta text-inherit\" rel=\"nofollow noopener\" target=\"_blank\">M. Lattemann<\/a><\/p>\n<p>Aktualisiert am 19.07.2026 &#8211; 21:06 UhrLesedauer: 33 Min.<\/p>\n<p><img loading=\"lazy\" src=\"https:\/\/www.t-online.de\/s\/paper\/_next\/static\/media\/loading-indicator-magenta.1f35d8de.svg\" alt=\"Video l\u00e4dt\" title=\"Video l\u00e4dt\" class=\"block h-[calc(var(--height)_\/_16_*_1rem)] w-[calc(var(--width)_\/_16_*_1rem)] max-w-none undefined\" style=\"--width:32;--height:32\" decoding=\"async\"\/>Player wird geladen<\/p>\n<p>Feuerb\u00e4lle \u00fcber russischer Anlage.<\/p>\n<p class=\"text-center\">Jetzt neu bei t-online:<\/p>\n<p class=\"text-center\">Schriftgr\u00f6\u00dfe anpassen!<\/p>\n<p><img loading=\"lazy\" src=\"https:\/\/www.t-online.de\/s\/paper\/_next\/static\/media\/font-sizes.32942e33.svg\" alt=\"\" title=\"\" class=\"block h-[calc(var(--height)_\/_16_*_1rem)] w-[calc(var(--width)_\/_16_*_1rem)] max-w-none group-hover:hidden group-aria-expanded:hidden\" style=\"--width:16;--height:16\" decoding=\"async\"\/><img loading=\"lazy\" src=\"https:\/\/www.t-online.de\/s\/paper\/_next\/static\/media\/font-sizes-dark-mode.e382645c.svg\" alt=\"\" title=\"\" class=\"block h-[calc(var(--height)_\/_16_*_1rem)] w-[calc(var(--width)_\/_16_*_1rem)] max-w-none hidden group-hover:block group-aria-expanded:block\" style=\"--width:16;--height:16\" decoding=\"async\"\/><img loading=\"lazy\" src=\"https:\/\/www.t-online.de\/s\/paper\/_next\/static\/media\/sharing-menu-icon.1eb71368.svg\" alt=\"\" title=\"\" class=\"block h-[calc(var(--height)_\/_16_*_1rem)] w-[calc(var(--width)_\/_16_*_1rem)] max-w-none group-hover:brightness-0 group-hover:invert\" style=\"--width:16;--height:16\" decoding=\"async\"\/>Artikel teilen<\/p>\n<p class=\"font-bold text-18 leading-17 user-text-lg:text-22 user-text-xl:text-24\">Putin plant wohl eine neue Mobilisierungswelle. Russland attackiert offenbar ein t\u00fcrkisches Frachtschiff. Alle Entwicklungen im Newsblog.<\/p>\n<p>Ukrainische Marine: F\u00fcnf Tote bei russischem Raketenangriff auf t\u00fcrkisches Schiff<\/p>\n<p class=\"text-18 leading-17 user-text-lg:text-22 user-text-xl:text-24\">Bei einem russischen Raketenangriff auf ein t\u00fcrkisches Frachtschiff sind nach ukrainischen Angaben f\u00fcnf Besatzungsmitglieder get\u00f6tet worden. Die ukrainische Marine erkl\u00e4rte am Sonntag, <a href=\"https:\/\/www.t-online.de\/themen\/russland\/\" class=\"transition-colors cursor-pointer no-underline md:hover:text-magenta md:focus:text-magenta border-b border-solid border-current text-salemsfur md:hover:border-magenta\" data-tracking=\"{&quot;action&quot;:&quot;click&quot;,&quot;category&quot;:&quot;intextLink&quot;,&quot;label&quot;:&quot;\/themen\/russland\/&quot;}\" data-sctrack=\"BodyAnchor\" rel=\"nofollow noopener\" target=\"_blank\">Russland<\/a> habe die &#8222;Golden Leo&#8220; mit drei Marschflugk\u00f6rpern beschossen, als der mit Getreide beladene Frachter dabei gewesen sei, &#8222;das Kampfgebiet&#8220; zu verlassen.<\/p>\n<p class=\"text-18 leading-17 user-text-lg:text-22 user-text-xl:text-24\">Zus\u00e4tzlich zu den f\u00fcnf Toten w\u00fcrden f\u00fcnf Besatzungsmitglieder noch vermisst, erkl\u00e4rte die Marine. Acht Menschen seien in ein Krankenhaus der Hafenstadt Odessa am <a href=\"https:\/\/www.t-online.de\/themen\/schwarzes-meer\/\" class=\"transition-colors cursor-pointer no-underline md:hover:text-magenta md:focus:text-magenta border-b border-solid border-current text-salemsfur md:hover:border-magenta\" data-tracking=\"{&quot;action&quot;:&quot;click&quot;,&quot;category&quot;:&quot;intextLink&quot;,&quot;label&quot;:&quot;\/themen\/schwarzes-meer\/&quot;}\" data-sctrack=\"BodyAnchor\" rel=\"nofollow noopener\" target=\"_blank\">Schwarzen Meer<\/a> gebracht worden.<\/p>\n<p class=\"text-18 leading-17 user-text-lg:text-22 user-text-xl:text-24\">&#8222;Das ist ein weiterer gezielter Angriff Russlands gegen ein unbewaffnetes ziviles Schiff unter fremder Flagge, das keinerlei milit\u00e4rische Bedrohung darstellte&#8220;, erkl\u00e4rte die ukrainische Marine. Die &#8222;Golden Leo&#8220; f\u00e4hrt unter der Flagge von Guinea-Bissau.<\/p>\n<p>Putin dankt Nordkoreas Au\u00dfenministerin f\u00fcr Unterst\u00fctzung in Ukraine-Krieg<\/p>\n<p class=\"text-18 leading-17 user-text-lg:text-22 user-text-xl:text-24\">Russlands Pr\u00e4sident <a href=\"https:\/\/www.t-online.de\/themen\/wladimir-putin\/\" class=\"transition-colors cursor-pointer no-underline md:hover:text-magenta md:focus:text-magenta border-b border-solid border-current text-salemsfur md:hover:border-magenta\" data-tracking=\"{&quot;action&quot;:&quot;click&quot;,&quot;category&quot;:&quot;intextLink&quot;,&quot;label&quot;:&quot;\/themen\/wladimir-putin\/&quot;}\" data-sctrack=\"BodyAnchor\" rel=\"nofollow noopener\" target=\"_blank\">Wladimir Putin<\/a> hat <a href=\"https:\/\/www.t-online.de\/themen\/nordkorea\/\" class=\"transition-colors cursor-pointer no-underline md:hover:text-magenta md:focus:text-magenta border-b border-solid border-current text-salemsfur md:hover:border-magenta\" data-tracking=\"{&quot;action&quot;:&quot;click&quot;,&quot;category&quot;:&quot;intextLink&quot;,&quot;label&quot;:&quot;\/themen\/nordkorea\/&quot;}\" data-sctrack=\"BodyAnchor\" rel=\"nofollow noopener\" target=\"_blank\">Nordkorea<\/a> f\u00fcr die Unterst\u00fctzung von Moskaus Krieg in der <a href=\"https:\/\/www.t-online.de\/themen\/ukraine\/\" class=\"transition-colors cursor-pointer no-underline md:hover:text-magenta md:focus:text-magenta border-b border-solid border-current text-salemsfur md:hover:border-magenta\" data-tracking=\"{&quot;action&quot;:&quot;click&quot;,&quot;category&quot;:&quot;intextLink&quot;,&quot;label&quot;:&quot;\/themen\/ukraine\/&quot;}\" data-sctrack=\"BodyAnchor\" rel=\"nofollow noopener\" target=\"_blank\">Ukraine<\/a> gedankt. Er wolle sich &#8222;noch einmal&#8220; f\u00fcr die von Pj\u00f6ngjang erhaltene Unterst\u00fctzung f\u00fcr Russlands &#8222;Spezialoperation&#8220; bedanken, sagte Putin am Sonntag bei einem Treffen mit Nordkoreas Au\u00dfenministerin Choe Son Hui in <a href=\"https:\/\/www.t-online.de\/themen\/moskau\/\" class=\"transition-colors cursor-pointer no-underline md:hover:text-magenta md:focus:text-magenta border-b border-solid border-current text-salemsfur md:hover:border-magenta\" data-tracking=\"{&quot;action&quot;:&quot;click&quot;,&quot;category&quot;:&quot;intextLink&quot;,&quot;label&quot;:&quot;\/themen\/moskau\/&quot;}\" data-sctrack=\"BodyAnchor\" rel=\"nofollow noopener\" target=\"_blank\">Moskau<\/a> laut einem vom Kreml ver\u00f6ffentlichten Video.<\/p>\n<p class=\"text-18 leading-17 user-text-lg:text-22 user-text-xl:text-24\">Die &#8222;heldenhaften Taten&#8220; der nordkoreanischen Soldaten w\u00fcrden &#8222;niemals vergessen&#8220;. Sie w\u00fcrden &#8222;genauso geehrt wie unsere Landsleute&#8220;, f\u00fcgte Putin hinzu. Bei der Gelegenheit pries der Kreml-Chef zudem das gegenseitige Verst\u00e4ndnis, das mit Nordkoreas Machthaber Kim Jong Un aufgebaut worden sei.<\/p>\n<p>Massiver russischer Raketenangriff auf Kiew \u2013 Opfer<\/p>\n<p class=\"text-18 leading-17 user-text-lg:text-22 user-text-xl:text-24\">Russland hat die ukrainische Hauptstadt <a href=\"https:\/\/www.t-online.de\/themen\/kiew\/\" class=\"transition-colors cursor-pointer no-underline md:hover:text-magenta md:focus:text-magenta border-b border-solid border-current text-salemsfur md:hover:border-magenta\" data-tracking=\"{&quot;action&quot;:&quot;click&quot;,&quot;category&quot;:&quot;intextLink&quot;,&quot;label&quot;:&quot;\/themen\/kiew\/&quot;}\" data-sctrack=\"BodyAnchor\" rel=\"nofollow noopener\" target=\"_blank\">Kiew<\/a> mit Dutzenden ballistischen Raketen beschossen und damit erneut verheerende Zerst\u00f6rungen angerichtet. Dutzende Explosionen, teils von Flugabwehrraketen, waren in der Nacht im Zentrum der Dreimillionenstadt zu h\u00f6ren, wie ein dpa-Reporter in der Stadt berichtete. Pr\u00e4sident <a href=\"https:\/\/www.t-online.de\/themen\/wolodymyr-selenskyj\/\" class=\"transition-colors cursor-pointer no-underline md:hover:text-magenta md:focus:text-magenta border-b border-solid border-current text-salemsfur md:hover:border-magenta\" data-tracking=\"{&quot;action&quot;:&quot;click&quot;,&quot;category&quot;:&quot;intextLink&quot;,&quot;label&quot;:&quot;\/themen\/wolodymyr-selenskyj\/&quot;}\" data-sctrack=\"BodyAnchor\" rel=\"nofollow noopener\" target=\"_blank\">Wolodymyr Selenskyj<\/a> sprach von einem &#8222;der massivsten ballistischen Angriffe auf Kiew&#8220;. Demnach gab es einen Toten und 16 Verletzte.<\/p>\n<p class=\"text-18 leading-17 user-text-lg:text-22 user-text-xl:text-24\">Au\u00dfenminister Andrij Sybiha sprach auf X von &#8222;brutalem Terror&#8220; \u2013 Russland habe die bisher gr\u00f6\u00dfte Zahl an ballistischen Raketen seit Kriegsbeginn gegen Kiew eingesetzt. Der Staatschef und der Minister forderten den Westen zur raschen Lieferung von Flugabwehrraketen auf.<\/p>\n<p><a href=\"#focus-0\" class=\"transition-colors block text-current relative\" data-sctrack=\"FocusGalleryImage.Reference\"><img   loading=\"lazy\" src=\"https:\/\/www.europesays.com\/at\/wp-content\/uploads\/2026\/07\/1784489767_631_image.jpg\" alt=\"urn:newsml:dpa.com:20090101:260719-935-1489991\" title=\"urn:newsml:dpa.com:20090101:260719-935-1489991\" width=\"762\" height=\"429\" class=\"h-full w-full max-w-full rounded-8\" decoding=\"async\"\/><img loading=\"lazy\" src=\"https:\/\/www.t-online.de\/s\/paper\/_next\/static\/media\/zoom-in.f7dae02f.svg\" alt=\"Vergr\u00f6\u00dfern des Bildes\" title=\"Vergr\u00f6\u00dfern des Bildes\" class=\"block h-[calc(var(--height)_\/_16_*_1rem)] w-[calc(var(--width)_\/_16_*_1rem)] max-w-none absolute right-8 bottom-8 rounded-4 bg-snow p-8\" style=\"--width:32;--height:32\" decoding=\"async\"\/>Zerst\u00f6rtes Auto in Kiew. (Quelle: Efrem Lukatsky)<\/a><\/p>\n<p>Ukraine: Putin will 500.000 neue Soldaten<\/p>\n<p class=\"text-18 leading-17 user-text-lg:text-22 user-text-xl:text-24\">Russland bereitet nach Angaben eines ukrainischen Regierungsvertreters f\u00fcr den Herbst die Mobilisierung von 500.000 Menschen vor. Das erkl\u00e4rte Andrij Kowalenko, Leiter des Zentrums zur Bek\u00e4mpfung von Desinformation beim Nationalen Sicherheits- und Verteidigungsrat der Ukraine, am Samstag auf Telegram. Demnach sollen Teile der Rekruten bereits innerhalb der ersten zwei Wochen an die Front im Osten geschickt werden.<\/p>\n","protected":false},"excerpt":{"rendered":"Newsblog zum Krieg in der Ukraine Russland attackiert t\u00fcrkisches Frachtschiff \u2013 f\u00fcnf Tote Von J. Seiferth, T. Schibilla,&hellip;\n","protected":false},"author":2,"featured_media":283569,"comment_status":"","ping_status":"","sticky":false,"template":"","format":"standard","meta":{"footnotes":"","_share_on_mastodon":"0"},"categories":[12],"tags":[732,2040,2752,75486,4410,4283,17340,75487,2743,19474,4411,21780,75485,75484,2741,40,41,2739,1772,24101,19475,16244,1963,11634,39,33323,73897,7158,2746,66,2375,2737,65,64],"class_list":["post-283568","post","type-post","status-publish","format-standard","has-post-thumbnail","category-welt","tag-ukraine","tag-2040","tag-2752","tag-andrij-kowalenko","tag-andrij-sybiha","tag-auto","tag-frachtschiff","tag-guinea-bissau","tag-kiew","tag-kim-jong-un","tag-kreml","tag-luhansk","tag-michailowsk","tag-mobilisierungswelle","tag-moskau","tag-nachrichten","tag-news","tag-newsblog","tag-nordkorea","tag-odessa","tag-pjoengjang","tag-raketenangriff","tag-russland","tag-schiff","tag-schlagzeilen","tag-schwarze-meer","tag-stawropol","tag-telegram","tag-ukrainekrieg","tag-welt","tag-wladimir-putin","tag-wolodymyr-selenskyj","tag-world","tag-world-news"],"share_on_mastodon":{"url":"https:\/\/pubeurope.com\/@at\/116948329484581495","error":""},"_links":{"self":[{"href":"https:\/\/www.europesays.com\/at\/wp-json\/wp\/v2\/posts\/283568","targetHints":{"allow":["GET"]}}],"collection":[{"href":"https:\/\/www.europesays.com\/at\/wp-json\/wp\/v2\/posts"}],"about":[{"href":"https:\/\/www.europesays.com\/at\/wp-json\/wp\/v2\/types\/post"}],"author":[{"embeddable":true,"href":"https:\/\/www.europesays.com\/at\/wp-json\/wp\/v2\/users\/2"}],"replies":[{"embeddable":true,"href":"https:\/\/www.europesays.com\/at\/wp-json\/wp\/v2\/comments?post=283568"}],"version-history":[{"count":0,"href":"https:\/\/www.europesays.com\/at\/wp-json\/wp\/v2\/posts\/283568\/revisions"}],"wp:featuredmedia":[{"embeddable":true,"href":"https:\/\/www.europesays.com\/at\/wp-json\/wp\/v2\/media\/283569"}],"wp:attachment":[{"href":"https:\/\/www.europesays.com\/at\/wp-json\/wp\/v2\/media?parent=283568"}],"wp:term":[{"taxonomy":"category","embeddable":true,"href":"https:\/\/www.europesays.com\/at\/wp-json\/wp\/v2\/categories?post=283568"},{"taxonomy":"post_tag","embeddable":true,"href":"https:\/\/www.europesays.com\/at\/wp-json\/wp\/v2\/tags?post=283568"}],"curies":[{"name":"wp","href":"https:\/\/api.w.org\/{rel}","templated":true}]}}