{"id":283611,"date":"2026-07-19T20:19:12","date_gmt":"2026-07-19T20:19:12","guid":{"rendered":"https:\/\/www.europesays.com\/at\/283611\/"},"modified":"2026-07-19T20:19:12","modified_gmt":"2026-07-19T20:19:12","slug":"trump-will-fussball-wm-sofort-wieder-in-die-usa-holen","status":"publish","type":"post","link":"https:\/\/www.europesays.com\/at\/283611\/","title":{"rendered":"Trump will Fu\u00dfball-WM &#8222;sofort&#8220; wieder in die USA holen"},"content":{"rendered":"<p>US-Pr\u00e4sident Donald Trump hat vor dem WM-Finale zwischen Spanien und Argentinien angek\u00fcndigt, das Turnier &#8222;sofort&#8220; wieder in die USA holen zu wollen. <\/p>\n<p>Trump sagte dem TV-Sender Fox, er werde FIFA-Pr\u00e4sident Gianni Infantino darum bitten, zeitnah eine weitere <a href=\"https:\/\/www.laola1.at\/de\/daten\/news\/fussball\/fussball\/\" class=\"tag\" rel=\"nofollow noopener\" target=\"_blank\">Fu\u00dfball<\/a>-WM in den USA stattfinden zu lassen. <\/p>\n<p>Trump verfolgt das Endspiel in East Rutherford als Ehrengast. Es ist sein erster Besuch im Stadion bei diesem Turnier. Er soll zudem den WM-Pokal an die Sieger \u00fcberreichen.<\/p>\n<p>Erneute WM-Bewerbung bereits angek\u00fcndigt<\/p>\n<p>&#8222;Wir m\u00fcssen das wiederholen, und zwar, solange ich noch da bin. H\u00f6rst du das, Gianni&#8220;, sagte der 80-J\u00e4hrige in Richtung von Weltverbandschef Infantino. <\/p>\n<p>Trump hatte bereits zuvor eine erneute Bewerbung seines Landes f\u00fcr eine WM angek\u00fcndigt. 2030 wird in Spanien, Marokko und Portugal gespielt. <\/p>\n<p>Anl\u00e4sslich des 100. Jubil\u00e4ums soll dabei zus\u00e4tzlich je ein Spiel in Argentinien, Paraguay und Uruguay stattfinden. 2034 ist Saudi-Arabien alleiniger Gastgeber.<\/p>\n<p>Trump: &#8222;Ich rechne Gianni das hoch an&#8220;<\/p>\n<p>Zuletzt hatte bereits Andrew Giuliani, Leiter der FIFA-Taskforce des Wei\u00dfen Hauses zur WM, eine m\u00f6gliche Bewerbung der USA f\u00fcr die WM 2038 mit 64 Teams ins Spiel gebracht. <\/p>\n<p>Zuletzt hatte Infantino erneut eine baldige WM-Erweiterung von aktuell 48 auf 64 Mannschaften nicht ausgeschlossen.<\/p>\n<p>Nun betonte Trump erneut \u00fcberschw\u00e4nglich den Erfolg des Turniers in diesem Jahr in den USA, Kanada und Mexiko. Er verwies auf die Stadien, die vor lauter Fans &#8222;\u00fcbergequollen&#8220; seien. <\/p>\n<p>&#8222;Ich glaube nicht, dass es jemals so etwas gab wie das, was mit dieser WM passiert ist&#8220;, sagte Trump. &#8222;Es war wundersch\u00f6n. Es war wundersch\u00f6n anzusehen und ich rechne Gianni das hoch an.&#8220;<\/p>\n","protected":false},"excerpt":{"rendered":"US-Pr\u00e4sident Donald Trump hat vor dem WM-Finale zwischen Spanien und Argentinien angek\u00fcndigt, das Turnier &#8222;sofort&#8220; wieder in die&hellip;\n","protected":false},"author":2,"featured_media":283612,"comment_status":"","ping_status":"","sticky":false,"template":"","format":"standard","meta":{"footnotes":"","_share_on_mastodon":"0"},"categories":[8],"tags":[575,14210,964,4058,3977,40,41,39,38],"class_list":["post-283611","post","type-post","status-publish","format-standard","has-post-thumbnail","category-nachrichten","tag-donald-trump","tag-fifa-wm-2026","tag-fussball","tag-fussball-wm","tag-gianni-infantino","tag-nachrichten","tag-news","tag-schlagzeilen","tag-top-meldungen"],"share_on_mastodon":{"url":"https:\/\/pubeurope.com\/@at\/116948498154956363","error":""},"_links":{"self":[{"href":"https:\/\/www.europesays.com\/at\/wp-json\/wp\/v2\/posts\/283611","targetHints":{"allow":["GET"]}}],"collection":[{"href":"https:\/\/www.europesays.com\/at\/wp-json\/wp\/v2\/posts"}],"about":[{"href":"https:\/\/www.europesays.com\/at\/wp-json\/wp\/v2\/types\/post"}],"author":[{"embeddable":true,"href":"https:\/\/www.europesays.com\/at\/wp-json\/wp\/v2\/users\/2"}],"replies":[{"embeddable":true,"href":"https:\/\/www.europesays.com\/at\/wp-json\/wp\/v2\/comments?post=283611"}],"version-history":[{"count":0,"href":"https:\/\/www.europesays.com\/at\/wp-json\/wp\/v2\/posts\/283611\/revisions"}],"wp:featuredmedia":[{"embeddable":true,"href":"https:\/\/www.europesays.com\/at\/wp-json\/wp\/v2\/media\/283612"}],"wp:attachment":[{"href":"https:\/\/www.europesays.com\/at\/wp-json\/wp\/v2\/media?parent=283611"}],"wp:term":[{"taxonomy":"category","embeddable":true,"href":"https:\/\/www.europesays.com\/at\/wp-json\/wp\/v2\/categories?post=283611"},{"taxonomy":"post_tag","embeddable":true,"href":"https:\/\/www.europesays.com\/at\/wp-json\/wp\/v2\/tags?post=283611"}],"curies":[{"name":"wp","href":"https:\/\/api.w.org\/{rel}","templated":true}]}}