{"id":283645,"date":"2026-07-19T20:52:11","date_gmt":"2026-07-19T20:52:11","guid":{"rendered":"https:\/\/www.europesays.com\/at\/283645\/"},"modified":"2026-07-19T20:52:11","modified_gmt":"2026-07-19T20:52:11","slug":"oebv-3x3-frauen-bei-womens-series-event-in-baku-zweite","status":"publish","type":"post","link":"https:\/\/www.europesays.com\/at\/283645\/","title":{"rendered":"\u00d6BV-3&#215;3-Frauen bei Women&#8217;s-Series-Event in Baku Zweite"},"content":{"rendered":"<p>Das \u00f6sterreichische 3\u00d73-Nationalteam der Basketballerinnen hat beim Women\u2019s-Series-Event in Baku nach vier Siegen und einer Finalniederlage Rang zwei belegt.<\/p>\n<p>Ein Erfolg gelang u.a. gegen Ex-Europameister Spanien (21:16). Im Endspiel am Sonntag gab es f\u00fcr Anja Fuchs-Robetin, Alexia Allesch, Simone Sill und Sigi Koizar gegen den Weltranglistenvierten Rapid Bukarest eine 12:17-Niederlage. Es ist der dritte zweite Platz der \u00d6sterreicherinnen in dieser Turnierserie \u00fcberhaupt.<\/p>\n<p>Aus Datenschutz-Gr\u00fcnden ist dieser Inhalt ausgeblendet. Die Einbettung von externen Inhalten kann hier aktiviert werden:<\/p>\n<p>Externe Inhalte aktivieren<\/p>\n<p class=\"PDq2pG_selectionAnchorContainer\" data-start=\"69\" data-end=\"447\">Die \u00d6sterreicherinnen zeigten eine engagierte und k\u00e4mpferische Leistung. Von Beginn an trat das Team mit hoher Intensit\u00e4t auf, verteidigte aggressiv und suchte konsequent den Weg zum Korb. Vor allem im Eins-gegen-eins setzte \u00d6sterreich immer wieder Akzente und zwang den Gegner zu schwierigen Abschl\u00fcssen.<\/p>\n<p data-start=\"824\" data-end=\"1333\">Auch wenn das Ergebnis letztlich nicht vollst\u00e4ndig den Aufwand widerspiegelte, konnte \u00d6sterreich wichtige positive Ans\u00e4tze mitnehmen. Die Mannschaft pr\u00e4sentierte sich defensiv stabil, zeigte viel Einsatzbereitschaft und sammelte wertvolle Erfahrungen gegen internationale Konkurrenz auf h\u00f6chstem Niveau. Der Auftritt in Baku unterstrich einmal mehr das Potenzial des \u00f6sterreichischen Teams in der Women\u2019s Series und liefert eine gute Grundlage f\u00fcr die kommenden Turniere.<\/p>\n<p><a class=\"ad-msg\" href=\"https:\/\/ankick.skysportaustria.at\/\" target=\"_blank\" rel=\"nofollow noopener\"><img loading=\"lazy\" decoding=\"async\" width=\"900\" height=\"300\" src=\"https:\/\/www.europesays.com\/at\/wp-content\/uploads\/2026\/07\/1784494331_890_ankick_900x300.jpg\" class=\"ad-msg__image ad-msg__image--mobile\" alt=\"Werbung\"  \/><\/a><\/p>\n","protected":false},"excerpt":{"rendered":"Das \u00f6sterreichische 3\u00d73-Nationalteam der Basketballerinnen hat beim Women\u2019s-Series-Event in Baku nach vier Siegen und einer Finalniederlage Rang zwei&hellip;\n","protected":false},"author":2,"featured_media":283646,"comment_status":"","ping_status":"","sticky":false,"template":"","format":"standard","meta":{"footnotes":"","_share_on_mastodon":"0"},"categories":[18],"tags":[37089,37132,75508,75509,46,42,13498,75510,44,75511,75512,109,108,75513],"class_list":["post-283645","post","type-post","status-publish","format-standard","has-post-thumbnail","category-sport","tag-3x3","tag-3x3-basketball","tag-alexia-allesch","tag-anja-fuchs-robetin","tag-at","tag-austria","tag-baku","tag-oebv","tag-oesterreich","tag-sigi-koizar","tag-simone-sill","tag-sport","tag-sports","tag-womens-series-event"],"share_on_mastodon":{"url":"https:\/\/pubeurope.com\/@at\/116948628277981442","error":""},"_links":{"self":[{"href":"https:\/\/www.europesays.com\/at\/wp-json\/wp\/v2\/posts\/283645","targetHints":{"allow":["GET"]}}],"collection":[{"href":"https:\/\/www.europesays.com\/at\/wp-json\/wp\/v2\/posts"}],"about":[{"href":"https:\/\/www.europesays.com\/at\/wp-json\/wp\/v2\/types\/post"}],"author":[{"embeddable":true,"href":"https:\/\/www.europesays.com\/at\/wp-json\/wp\/v2\/users\/2"}],"replies":[{"embeddable":true,"href":"https:\/\/www.europesays.com\/at\/wp-json\/wp\/v2\/comments?post=283645"}],"version-history":[{"count":0,"href":"https:\/\/www.europesays.com\/at\/wp-json\/wp\/v2\/posts\/283645\/revisions"}],"wp:featuredmedia":[{"embeddable":true,"href":"https:\/\/www.europesays.com\/at\/wp-json\/wp\/v2\/media\/283646"}],"wp:attachment":[{"href":"https:\/\/www.europesays.com\/at\/wp-json\/wp\/v2\/media?parent=283645"}],"wp:term":[{"taxonomy":"category","embeddable":true,"href":"https:\/\/www.europesays.com\/at\/wp-json\/wp\/v2\/categories?post=283645"},{"taxonomy":"post_tag","embeddable":true,"href":"https:\/\/www.europesays.com\/at\/wp-json\/wp\/v2\/tags?post=283645"}],"curies":[{"name":"wp","href":"https:\/\/api.w.org\/{rel}","templated":true}]}}