{"id":283709,"date":"2026-07-19T21:47:40","date_gmt":"2026-07-19T21:47:40","guid":{"rendered":"https:\/\/www.europesays.com\/at\/283709\/"},"modified":"2026-07-19T21:47:40","modified_gmt":"2026-07-19T21:47:40","slug":"bregenzer-festspiele-bauen-bei-la-traviata-auf-reisch-maschinenbau-und-biedenkapp","status":"publish","type":"post","link":"https:\/\/www.europesays.com\/at\/283709\/","title":{"rendered":"Bregenzer Festspiele bauen bei La traviata auf Reisch Maschinenbau und Biedenkapp"},"content":{"rendered":"<p class=\"mb-6 text-xs-varying md:text-m lg:text-l font-serif group-[.font-sans]:font-sans \">\n    Sie geh\u00f6rt zu den spektakul\u00e4rsten Open-Air-B\u00fchnen der Welt: die Seeb\u00fchne von Bregenz. Wenn sich in diesem Jahr bei der Premiere am 22. Juli der imagin\u00e4re Vorhang f\u00fcr La traviata hebt, schaut das Festspielpublikum auf einen gigantischen, zersplitterten Spiegel im Bodensee \u2013 und am Ende der Vorstellung auf eine riesige Kugel, die wie aus dem Nichts \u00fcber dem Wasser schwebt. Dass dieses Wunderwerk funktioniert, ist mit das Verdienst zweier Familienunternehmen aus der Region. Zwei von 36 Firmen, die zwischen Schneetreiben, Tauchermontage und Millimeterarbeit Au\u00dfergew\u00f6hnliches geleistet haben.\n  <\/p>\n","protected":false},"excerpt":{"rendered":"Sie geh\u00f6rt zu den spektakul\u00e4rsten Open-Air-B\u00fchnen der Welt: die Seeb\u00fchne von Bregenz. Wenn sich in diesem Jahr bei&hellip;\n","protected":false},"author":2,"featured_media":283710,"comment_status":"","ping_status":"","sticky":false,"template":"","format":"standard","meta":{"footnotes":"","_share_on_mastodon":"0"},"categories":[22],"tags":[75518,46,42,10019,12258,147,3474,26951,75520,75519,4690,44,31626,21891,148],"class_list":["post-283709","post","type-post","status-publish","format-standard","has-post-thumbnail","category-unterhaltung","tag-arno-reisch","tag-at","tag-austria","tag-bodensee","tag-bregenz","tag-entertainment","tag-familienbetrieb","tag-frastanz","tag-frastranz","tag-manfred-ammann","tag-maschinenbau","tag-oesterreich","tag-seebuehne","tag-stahl","tag-unterhaltung"],"share_on_mastodon":{"url":"https:\/\/pubeurope.com\/@at\/116948844096547003","error":""},"_links":{"self":[{"href":"https:\/\/www.europesays.com\/at\/wp-json\/wp\/v2\/posts\/283709","targetHints":{"allow":["GET"]}}],"collection":[{"href":"https:\/\/www.europesays.com\/at\/wp-json\/wp\/v2\/posts"}],"about":[{"href":"https:\/\/www.europesays.com\/at\/wp-json\/wp\/v2\/types\/post"}],"author":[{"embeddable":true,"href":"https:\/\/www.europesays.com\/at\/wp-json\/wp\/v2\/users\/2"}],"replies":[{"embeddable":true,"href":"https:\/\/www.europesays.com\/at\/wp-json\/wp\/v2\/comments?post=283709"}],"version-history":[{"count":0,"href":"https:\/\/www.europesays.com\/at\/wp-json\/wp\/v2\/posts\/283709\/revisions"}],"wp:featuredmedia":[{"embeddable":true,"href":"https:\/\/www.europesays.com\/at\/wp-json\/wp\/v2\/media\/283710"}],"wp:attachment":[{"href":"https:\/\/www.europesays.com\/at\/wp-json\/wp\/v2\/media?parent=283709"}],"wp:term":[{"taxonomy":"category","embeddable":true,"href":"https:\/\/www.europesays.com\/at\/wp-json\/wp\/v2\/categories?post=283709"},{"taxonomy":"post_tag","embeddable":true,"href":"https:\/\/www.europesays.com\/at\/wp-json\/wp\/v2\/tags?post=283709"}],"curies":[{"name":"wp","href":"https:\/\/api.w.org\/{rel}","templated":true}]}}