{"id":283764,"date":"2026-07-19T22:39:11","date_gmt":"2026-07-19T22:39:11","guid":{"rendered":"https:\/\/www.europesays.com\/at\/283764\/"},"modified":"2026-07-19T22:39:11","modified_gmt":"2026-07-19T22:39:11","slug":"neue-airline-am-flughafen-wien-animawings-startet-direktverbindung-nach-klausenburg","status":"publish","type":"post","link":"https:\/\/www.europesays.com\/at\/283764\/","title":{"rendered":"Neue Airline am Flughafen Wien: AnimaWings startet Direktverbindung nach Klausenburg"},"content":{"rendered":"<p>&#8222;Mit AnimaWings begr\u00fc\u00dfen wir eine neue Airline am Flughafen Wien und st\u00e4rken unser Destinationsangebot in Osteuropa um eine attraktive Direktverbindung. Klausenburg verbindet wirtschaftliche Dynamik mit einer lebendigen Kultur- und Kreativszene und ist damit ein spannendes Reiseziel f\u00fcr Gesch\u00e4fts- und Freizeitreisende. Wir freuen uns auf die Zusammenarbeit mit AnimaWings und hei\u00dfen die Airline herzlich bei uns willkommen!\u201c, so Mag. Julian J\u00e4ger, Vorstand der Flughafen Wien AG.<\/p>\n<p>\u201e<a href=\"https:\/\/www.rumaenien-tourismus.de\/cluj-napoca-klausenburg\/\" target=\"_blank\" rel=\"noreferrer nofollow noopener\">Klausenburg<\/a> z\u00e4hlt zu den dynamischsten Wirtschafts- und Innovationszentren Rum\u00e4niens, w\u00e4hrend Wien als europ\u00e4ische Metropole eine bedeutende Rolle f\u00fcr Wirtschaft, internationale Vernetzung und Tourismus einnimmt. Mit der Einf\u00fchrung dieser Direktverbindung reagieren wir auf die anhaltend hohe Nachfrage von Unternehmen, der rum\u00e4nischen Community im Ausland sowie von Reisenden, die effiziente Full-Service-Verbindungen ab regionalen Flugh\u00e4fen sch\u00e4tzen. Gleichzeitig unterstreicht die neue Strecke unser Engagement, Direktverbindungen von den regionalen Zentren Rum\u00e4niens zu den wichtigsten europ\u00e4ischen Wirtschaftsmetropolen auszubauen\u201c, sagt Marius Pandel, CEO und Mitgr\u00fcnder von AnimaWings.<\/p>\n<p>Mit AnimaWings nonstop von Wien nach Klausenburg<br \/>AnimaWings verbindet ab sofort Wien mit Klausenburg (Cluj) mit zwei w\u00f6chentlichen Fl\u00fcgen (jeweils dienstags und freitags). Der Abflug findet um 6:50 Uhr in Klausenburg statt, mit Ankunft in Wien um 7:20 Uhr. Der R\u00fcckflug aus Wien startet um 8:00 Uhr mit Ankunft um 10:20 Uhr in Klausenburg. Geflogen wird mit einem modernen Airbus A220-300. Mit Beginn des Winterflugplans 2026 wird das Angebot auf drei w\u00f6chentliche Fl\u00fcge ausgebaut.<\/p>\n<p>Klausenburg, das Zentrum der Siebenb\u00fcrger Sachsen in Rum\u00e4nien, begeistert mit einer au\u00dfergew\u00f6hnlichen Mischung aus historischem Charme, moderner Kreativszene und beeindruckender Natur. Die lebendige Universit\u00e4tsstadt lockt mit gem\u00fctlichen Caf\u00e9s, trendigen Restaurants, Festivals und einem pulsierenden Nachtleben \u2013 und gilt l\u00e4ngst als einer der spannendsten City-Trip-Geheimtipps Osteuropas. Gleichzeitig ist Klausenburg ein guter Ausgangspunkt, um die faszinierende Region Transsilvanien zu entdecken: mittelalterliche St\u00e4dte, die eindrucksvolle Landschaft der Karpaten und die weltbekannten Legenden rund um Dracula verleihen der Region ihre besondere Atmosph\u00e4re. Nur rund 30 Kilometer von Klausenburg entfernt befindet sich mit den\u00a0<a href=\"https:\/\/de.wikipedia.org\/wiki\/Salzbergwerk_Turda\" target=\"_blank\" rel=\"noreferrer nofollow noopener\">Salzbergwerk Turda<\/a> zudem eine der au\u00dfergew\u00f6hnlichsten Sehensw\u00fcrdigkeiten Europas \u2013 eine spektakul\u00e4re ehemalige Salzmine mit unterirdischem Riesenrad, Bootsfahrten und riesigen Kavernen tief unter der Erde.<\/p>\n<p>\u00dcber AnimaWings<br \/>AnimaWings ist eine rum\u00e4nische Fluggesellschaft, die 2020 von den Gr\u00fcndern des Reiseveranstalters Christian Tour ins Leben gerufen wurde. Die Airline bietet Linien- und Charterfl\u00fcge an. Die Fluggesellschaft befindet sich derzeit auf einem starken Wachstumskurs und betreibt die modernste Flotte der rum\u00e4nischen Luftfahrt. Aktuell umfasst die Flotte acht moderne Airbus-Flugzeuge, darunter sechs Airbus A220-300, die innerhalb der vergangenen 24 Monate direkt ab Werk ausgeliefert wurden. Bis Ende 2027 soll die Flotte im Rahmen des Unternehmenswachstums auf 14 Flugzeuge erweitert werden. Die Flugzeuge verf\u00fcgen je nach Typ \u00fcber 137 bis 180 Sitzpl\u00e4tze und bieten mit Business Class, Premium Economy und Economy Class drei Reiseklassen nach einem umfassenden Full-Service-Konzept. Weitere Informationen zu AnimaWings und Buchungsm\u00f6glichkeiten gibt es unter <a href=\"https:\/\/www.animawings.com\/en\" target=\"_blank\" rel=\"noreferrer nofollow noopener\">www.animawings.com<\/a>.<\/p>\n<p>(red \/ VIE)<\/p>\n","protected":false},"excerpt":{"rendered":"&#8222;Mit AnimaWings begr\u00fc\u00dfen wir eine neue Airline am Flughafen Wien und st\u00e4rken unser Destinationsangebot in Osteuropa um eine&hellip;\n","protected":false},"author":2,"featured_media":283765,"comment_status":"","ping_status":"","sticky":false,"template":"","format":"standard","meta":{"footnotes":"","_share_on_mastodon":"0"},"categories":[28],"tags":[46,42,1631,1634,1636,1619,1621,1638,1622,1632,1633,1637,1626,1623,605,1635,44,1630,1629,1620,1625,1628,1627,1624,181,182],"class_list":["post-283764","post","type-post","status-publish","format-standard","has-post-thumbnail","category-wien","tag-at","tag-austria","tag-fachjournalismus","tag-fachmagazin-zum-thema-luftfahrt","tag-fachmedium","tag-fliegen","tag-flugverkehr","tag-flugzeitschrift","tag-luftfahrt","tag-luftfahrtjournalismus","tag-luftfahrtmagazin","tag-luftfahrtmedium","tag-luftfahrtvideos","tag-luftverkehr","tag-magazin","tag-medium","tag-oesterreich","tag-planespotter-journalismus","tag-planespotting","tag-reisen","tag-reportagen","tag-spotten","tag-spotter","tag-tourismus","tag-vienna","tag-wien"],"share_on_mastodon":{"url":"https:\/\/pubeurope.com\/@at\/116949048611535621","error":""},"_links":{"self":[{"href":"https:\/\/www.europesays.com\/at\/wp-json\/wp\/v2\/posts\/283764","targetHints":{"allow":["GET"]}}],"collection":[{"href":"https:\/\/www.europesays.com\/at\/wp-json\/wp\/v2\/posts"}],"about":[{"href":"https:\/\/www.europesays.com\/at\/wp-json\/wp\/v2\/types\/post"}],"author":[{"embeddable":true,"href":"https:\/\/www.europesays.com\/at\/wp-json\/wp\/v2\/users\/2"}],"replies":[{"embeddable":true,"href":"https:\/\/www.europesays.com\/at\/wp-json\/wp\/v2\/comments?post=283764"}],"version-history":[{"count":0,"href":"https:\/\/www.europesays.com\/at\/wp-json\/wp\/v2\/posts\/283764\/revisions"}],"wp:featuredmedia":[{"embeddable":true,"href":"https:\/\/www.europesays.com\/at\/wp-json\/wp\/v2\/media\/283765"}],"wp:attachment":[{"href":"https:\/\/www.europesays.com\/at\/wp-json\/wp\/v2\/media?parent=283764"}],"wp:term":[{"taxonomy":"category","embeddable":true,"href":"https:\/\/www.europesays.com\/at\/wp-json\/wp\/v2\/categories?post=283764"},{"taxonomy":"post_tag","embeddable":true,"href":"https:\/\/www.europesays.com\/at\/wp-json\/wp\/v2\/tags?post=283764"}],"curies":[{"name":"wp","href":"https:\/\/api.w.org\/{rel}","templated":true}]}}