{"id":284167,"date":"2026-07-20T06:55:16","date_gmt":"2026-07-20T06:55:16","guid":{"rendered":"https:\/\/www.europesays.com\/at\/284167\/"},"modified":"2026-07-20T06:55:16","modified_gmt":"2026-07-20T06:55:16","slug":"weltmeister-trainer-will-aufhoeren","status":"publish","type":"post","link":"https:\/\/www.europesays.com\/at\/284167\/","title":{"rendered":"Weltmeister-Trainer will aufh\u00f6ren"},"content":{"rendered":"<p>Nach dem verlorenen WM-Finale gegen Spanien (<a target=\"_self\" rel=\"noopener noreferrer nofollow\" href=\"https:\/\/www.laola1.at\/de\/red\/fussball\/wm-2026\/spielberichte\/spanien-ist-zum-zweiten-mal-weltmeister-\/\">zum Spielbericht&gt;&gt;&gt;<\/a>) hat Lionel Scaloni \u00fcberraschend seinen bevorstehenden Abschied als Teamchef der argentinischen Nationalmannschaft angek\u00fcndigt.<\/p>\n<p>&#8222;Ich werde bis Dezember als Trainer Argentiniens weitermachen, dann werde ich diesen Job wahrscheinlich verlassen. Ich muss neue Energie tanken und jetzt aufh\u00f6ren&#8220;, erkl\u00e4rte der 48-J\u00e4hrige auf der Pressekonferenz nach dem Endspiel, <a target=\"_self\" rel=\"noopener noreferrer nofollow\" href=\"https:\/\/www.laola1.at\/de\/red\/fussball\/wm-2026\/sonstiges\/scaloni-weint--heute-muessen-wir-gross-in-der-niederlage-sein-\/\">ehe er wenig sp\u00e4ter die PK in Tr\u00e4nen abbrach &gt;&gt;&gt;<\/a><\/p>\n<p>Zugleich zeigte sich der Erfolgstrainer stolz auf das Erreichte: &#8222;Das Wichtigste ist, diesen Spirit, dieses Gef\u00fchl zwischen den Menschen in Argentinien und der Mannschaft zu bewahren. Darauf bin ich sehr stolz.&#8220;<\/p>\n<p>\u00dcberraschende Wende<\/p>\n<p>Die Ank\u00fcndigung kommt durchaus \u00fcberraschend. Scalonis Vertrag l\u00e4uft zwar mit Ende 2026 aus, zuletzt hatten jedoch mehrere Medien berichtet, dass sich der Weltmeistertrainer mit dem argentinischen Verband bereits auf eine Vertragsverl\u00e4ngerung bis 2030 geeinigt habe.<\/p>\n<p>Ob Scaloni seine R\u00fccktrittsank\u00fcndigung tats\u00e4chlich umsetzt, bleibt abzuwarten. Eine offizielle Best\u00e4tigung des Verbandes zu seiner Zukunft steht bislang noch aus.<\/p>\n<p>Eine der erfolgreichsten \u00c4ren Argentiniens<\/p>\n<p>Sollte Scaloni tats\u00e4chlich zum Jahresende abtreten, w\u00fcrde eine der erfolgreichsten Epochen in der Geschichte der &#8222;<a href=\"https:\/\/www.laola1.at\/de\/daten\/news\/albiceleste\/\" class=\"tag\" rel=\"nofollow noopener\" target=\"_blank\">Albiceleste<\/a>&#8220; zu Ende gehen.<\/p>\n<p>Der ehemalige Internationale \u00fcbernahm die Nationalmannschaft im August 2018 und f\u00fchrte Argentinien zur\u00fcck an die Weltspitze. Unter seiner F\u00fchrung gewann das Team die Copa Am\u00e9rica 2021 und 2024 sowie den WM-Titel 2022.<\/p>\n<p>Insgesamt stand Scaloni bislang in 104 L\u00e4nderspielen an der Seitenlinie. Davon gewann Argentinien 80 Partien, verlor lediglich zehn und erreichte einen Punkteschnitt von 2,44.<\/p>\n<p>Nachfolger noch offen<\/p>\n<p>Wer die Nachfolge des Erfolgstrainers antreten k\u00f6nnte, ist derzeit v\u00f6llig offen.<\/p>\n<p>Sollte Scaloni seinen angek\u00fcndigten R\u00fccktritt vollziehen, m\u00fcsste der argentinische Fu\u00dfballverband erstmals seit mehr als acht Jahren einen neuen Nationaltrainer suchen.<\/p>\n","protected":false},"excerpt":{"rendered":"Nach dem verlorenen WM-Finale gegen Spanien (zum Spielbericht&gt;&gt;&gt;) hat Lionel Scaloni \u00fcberraschend seinen bevorstehenden Abschied als Teamchef der&hellip;\n","protected":false},"author":2,"featured_media":284168,"comment_status":"","ping_status":"","sticky":false,"template":"","format":"standard","meta":{"footnotes":"","_share_on_mastodon":"0"},"categories":[18],"tags":[30416,46,42,14210,964,4058,31529,44,109,108],"class_list":["post-284167","post","type-post","status-publish","format-standard","has-post-thumbnail","category-sport","tag-argentinien-teams","tag-at","tag-austria","tag-fifa-wm-2026","tag-fussball","tag-fussball-wm","tag-lionel-scaloni","tag-oesterreich","tag-sport","tag-sports"],"share_on_mastodon":{"url":"https:\/\/pubeurope.com\/@at\/116950999145862980","error":""},"_links":{"self":[{"href":"https:\/\/www.europesays.com\/at\/wp-json\/wp\/v2\/posts\/284167","targetHints":{"allow":["GET"]}}],"collection":[{"href":"https:\/\/www.europesays.com\/at\/wp-json\/wp\/v2\/posts"}],"about":[{"href":"https:\/\/www.europesays.com\/at\/wp-json\/wp\/v2\/types\/post"}],"author":[{"embeddable":true,"href":"https:\/\/www.europesays.com\/at\/wp-json\/wp\/v2\/users\/2"}],"replies":[{"embeddable":true,"href":"https:\/\/www.europesays.com\/at\/wp-json\/wp\/v2\/comments?post=284167"}],"version-history":[{"count":0,"href":"https:\/\/www.europesays.com\/at\/wp-json\/wp\/v2\/posts\/284167\/revisions"}],"wp:featuredmedia":[{"embeddable":true,"href":"https:\/\/www.europesays.com\/at\/wp-json\/wp\/v2\/media\/284168"}],"wp:attachment":[{"href":"https:\/\/www.europesays.com\/at\/wp-json\/wp\/v2\/media?parent=284167"}],"wp:term":[{"taxonomy":"category","embeddable":true,"href":"https:\/\/www.europesays.com\/at\/wp-json\/wp\/v2\/categories?post=284167"},{"taxonomy":"post_tag","embeddable":true,"href":"https:\/\/www.europesays.com\/at\/wp-json\/wp\/v2\/tags?post=284167"}],"curies":[{"name":"wp","href":"https:\/\/api.w.org\/{rel}","templated":true}]}}