{"id":285065,"date":"2026-07-20T16:26:34","date_gmt":"2026-07-20T16:26:34","guid":{"rendered":"https:\/\/www.europesays.com\/at\/285065\/"},"modified":"2026-07-20T16:26:34","modified_gmt":"2026-07-20T16:26:34","slug":"weltstar-donald-duck-wie-ein-schlechter-verlierer-zur-kultfigur-wurde","status":"publish","type":"post","link":"https:\/\/www.europesays.com\/at\/285065\/","title":{"rendered":"Weltstar Donald Duck &#8211; Wie ein schlechter Verlierer zur Kultfigur wurde"},"content":{"rendered":"<p>Seit mehr als 90 Jahren ist Donald Duck damit besch\u00e4ftigt, sein Leben zu verfehlen. Er nimmt Anlauf, meist mit betr\u00e4chtlichem Selbstvertrauen, und landet kurz darauf dort, wo er immer landet \u2013 in den rauchenden Resten einer guten Absicht. Dass ihm dabei die Matrosenm\u00fctze verrutscht, geh\u00f6rt zur Choreografie. Man k\u00f6nnte den Erpel f\u00fcr einen schlechten Verlierer halten, was er zweifellos ist. Nur verliert er nie endg\u00fcltig. Er schmollt, tobt, beschuldigt die Umst\u00e4nde, die Verwandtschaft oder eine fehlerhaft konstruierte Maschine \u2013 und macht weiter.<\/p>\n","protected":false},"excerpt":{"rendered":"Seit mehr als 90 Jahren ist Donald Duck damit besch\u00e4ftigt, sein Leben zu verfehlen. Er nimmt Anlauf, meist&hellip;\n","protected":false},"author":2,"featured_media":285066,"comment_status":"","ping_status":"","sticky":false,"template":"","format":"standard","meta":{"footnotes":"","_share_on_mastodon":"0"},"categories":[22],"tags":[3874,46,42,75747,75748,75749,1848,18774,26098,75750,75751,147,75752,75,75753,26097,44,34792,75754,148,439,26101,54317],"class_list":["post-285065","post","type-post","status-publish","format-standard","has-post-thumbnail","category-unterhaltung","tag-amerikanischer","tag-at","tag-austria","tag-barks","tag-carl-barks","tag-clarence-nash","tag-disney","tag-donald","tag-donald-duck","tag-donalds","tag-entenhausen","tag-entertainment","tag-erika-fuchs","tag-europa","tag-goethe","tag-micky-maus","tag-oesterreich","tag-schiller","tag-the-wise-little-hen","tag-unterhaltung","tag-usa","tag-walt-disney","tag-wilhelm-busch"],"share_on_mastodon":{"url":"https:\/\/pubeurope.com\/@at\/116953244201358181","error":""},"_links":{"self":[{"href":"https:\/\/www.europesays.com\/at\/wp-json\/wp\/v2\/posts\/285065","targetHints":{"allow":["GET"]}}],"collection":[{"href":"https:\/\/www.europesays.com\/at\/wp-json\/wp\/v2\/posts"}],"about":[{"href":"https:\/\/www.europesays.com\/at\/wp-json\/wp\/v2\/types\/post"}],"author":[{"embeddable":true,"href":"https:\/\/www.europesays.com\/at\/wp-json\/wp\/v2\/users\/2"}],"replies":[{"embeddable":true,"href":"https:\/\/www.europesays.com\/at\/wp-json\/wp\/v2\/comments?post=285065"}],"version-history":[{"count":0,"href":"https:\/\/www.europesays.com\/at\/wp-json\/wp\/v2\/posts\/285065\/revisions"}],"wp:featuredmedia":[{"embeddable":true,"href":"https:\/\/www.europesays.com\/at\/wp-json\/wp\/v2\/media\/285066"}],"wp:attachment":[{"href":"https:\/\/www.europesays.com\/at\/wp-json\/wp\/v2\/media?parent=285065"}],"wp:term":[{"taxonomy":"category","embeddable":true,"href":"https:\/\/www.europesays.com\/at\/wp-json\/wp\/v2\/categories?post=285065"},{"taxonomy":"post_tag","embeddable":true,"href":"https:\/\/www.europesays.com\/at\/wp-json\/wp\/v2\/tags?post=285065"}],"curies":[{"name":"wp","href":"https:\/\/api.w.org\/{rel}","templated":true}]}}