{"id":286420,"date":"2026-07-21T10:43:08","date_gmt":"2026-07-21T10:43:08","guid":{"rendered":"https:\/\/www.europesays.com\/at\/286420\/"},"modified":"2026-07-21T10:43:08","modified_gmt":"2026-07-21T10:43:08","slug":"marktamt-wiener-gruene-kritisieren-untaetigkeit-der-politischen-verantwortlichen","status":"publish","type":"post","link":"https:\/\/www.europesays.com\/at\/286420\/","title":{"rendered":"Marktamt: Wiener Gr\u00fcne kritisieren Unt\u00e4tigkeit der politischen Verantwortlichen"},"content":{"rendered":"<p>Wien (OTS) &#8211;\u00a0<\/p>\n<p>In der Causa des ehemaligen Abteilungsleiters des Wiener Marktamts haben die Gr\u00fcnen Wien die Bef\u00fcrchtung, dass es sich dabei nicht um einen Einzelfall handelt, \u201esondern das Symptom einer Struktur\u201c sei. Der nicht amtsf\u00fchrende Stadtrat Peter Kraus kritisierte heute, Dienstag, im Rahmen einer Pressekonferenz im Rathaus, \u201edass trotz der seit Jahren bekannten Vorw\u00fcrfe das ganze System weggeschaut hat\u201c. <\/p>\n<p>Vor allem von B\u00fcrgermeister Michael Ludwig und Stadtr\u00e4tin Ulli Sima verlangen die Gr\u00fcnen \u201evolle Aufkl\u00e4rung dar\u00fcber, wer wann was gewusst hat\u201c. In einer umfassenden schriftlichen Anfrage mit 27 Hauptfragen zu sieben Themenbereichen fordert die Oppositionspartei Antworten von B\u00fcrgermeister Ludwig vor allem in personal- und disziplinarrechtlichen Fragen ein. Gemeinder\u00e4tin Barbara Huemer: \u201eDie Berichte legen eine Unternehmenskultur zu Tage, die an die 1960er-Jahre erinnert \u2013 eine Kultur, die offenbar T\u00e4ter von der obersten Ebene weg sch\u00fctzt.\u201c Das habe in einer Stadt, die f\u00fcr mehr als 66.000 Menschen Arbeitgeberin ist, \u201ekeinen Platz\u201c. Gemeinder\u00e4tin Julia Malle erg\u00e4nzte: \u201eWer f\u00fcr die Stadt Wien arbeitet, muss darauf vertrauen k\u00f6nnen, respektvoll behandelt zu werden und Missst\u00e4nde ohne Angst vor pers\u00f6nlichen Nachteilen melden zu k\u00f6nnen.\u201c<\/p>\n<p>Um solche Vorg\u00e4nge k\u00fcnftig verhindern zu k\u00f6nnen, verlangen die Gr\u00fcnen nicht nur eine unabh\u00e4ngige, transparente Aufkl\u00e4rung der aktuellen Vorg\u00e4nge, sondern auch eine unabh\u00e4ngige Beschwerdestruktur, an die sich Betroffene anonym wenden k\u00f6nnen, ein Mehr-Augen-Prinzip bei wesentlichen Personalentscheidungen sowie verpflichtende, regelm\u00e4\u00dfige Schulungen f\u00fcr Personen in F\u00fchrungsverantwortung zu Themen der Geschlechtergerechtigkeit und Antidiskriminierung.<\/p>\n<p>Zugleich wird verlangt, dass auch der Wiener Wirtschaftskammerpr\u00e4sident Walter Ruck pers\u00f6nliche Konsequenzen zieht und zur\u00fccktritt.<\/p>\n<p>Weitere Informationen: Gr\u00fcner Klub im Rathaus, Kommunikation, Tel.: 01\/4000-81814 (Schluss) nic<\/p>\n<p _ngcontent-ng-c403161360=\"\">Rathauskorrespondenz<br \/>Stadt Wien &#8211; Kommunikation und Medien, Diensthabende*r Redakteur*in<br \/>Service f\u00fcr Journalist*innen, Stadtredaktion<br \/>Telefon: 01 4000-81081<br \/>E-Mail: <a href=\"http:\/\/www.ots.at\/cdn-cgi\/l\/email-protection#45213705282470766b322c202b6b22336b2431\" rel=\"nofollow noopener\" target=\"_blank\">[email\u00a0protected]<\/a><br \/>Website: <a href=\"https:\/\/presse.wien.gv.at\" target=\"_blank\" rel=\"noopener noreferrer nofollow\">https:\/\/presse.wien.gv.at<\/a><\/p>\n<p _ngcontent-ng-c403161360=\"\"> OTS-ORIGINALTEXT PRESSEAUSSENDUNG UNTER AUSSCHLIESSLICHER<br \/>\nINHALTLICHER VERANTWORTUNG DES AUSSENDERS &#8211; WWW.OTS.AT | NRK<\/p>\n","protected":false},"excerpt":{"rendered":"Wien (OTS) &#8211;\u00a0 In der Causa des ehemaligen Abteilungsleiters des Wiener Marktamts haben die Gr\u00fcnen Wien die Bef\u00fcrchtung,&hellip;\n","protected":false},"author":2,"featured_media":286421,"comment_status":"","ping_status":"","sticky":false,"template":"","format":"standard","meta":{"footnotes":"","_share_on_mastodon":"0"},"categories":[8],"tags":[26393,26395,19221,66362,40,41,26394,75981,269,39,38,182],"class_list":["post-286420","post","type-post","status-publish","format-standard","has-post-thumbnail","category-nachrichten","tag-apa","tag-apa-ots","tag-kommunales","tag-magistrat","tag-nachrichten","tag-news","tag-ots","tag-parteien","tag-politik","tag-schlagzeilen","tag-top-meldungen","tag-wien"],"share_on_mastodon":{"url":"https:\/\/pubeurope.com\/@at\/116957557679227615","error":""},"_links":{"self":[{"href":"https:\/\/www.europesays.com\/at\/wp-json\/wp\/v2\/posts\/286420","targetHints":{"allow":["GET"]}}],"collection":[{"href":"https:\/\/www.europesays.com\/at\/wp-json\/wp\/v2\/posts"}],"about":[{"href":"https:\/\/www.europesays.com\/at\/wp-json\/wp\/v2\/types\/post"}],"author":[{"embeddable":true,"href":"https:\/\/www.europesays.com\/at\/wp-json\/wp\/v2\/users\/2"}],"replies":[{"embeddable":true,"href":"https:\/\/www.europesays.com\/at\/wp-json\/wp\/v2\/comments?post=286420"}],"version-history":[{"count":0,"href":"https:\/\/www.europesays.com\/at\/wp-json\/wp\/v2\/posts\/286420\/revisions"}],"wp:featuredmedia":[{"embeddable":true,"href":"https:\/\/www.europesays.com\/at\/wp-json\/wp\/v2\/media\/286421"}],"wp:attachment":[{"href":"https:\/\/www.europesays.com\/at\/wp-json\/wp\/v2\/media?parent=286420"}],"wp:term":[{"taxonomy":"category","embeddable":true,"href":"https:\/\/www.europesays.com\/at\/wp-json\/wp\/v2\/categories?post=286420"},{"taxonomy":"post_tag","embeddable":true,"href":"https:\/\/www.europesays.com\/at\/wp-json\/wp\/v2\/tags?post=286420"}],"curies":[{"name":"wp","href":"https:\/\/api.w.org\/{rel}","templated":true}]}}