{"id":287583,"date":"2026-07-21T23:08:12","date_gmt":"2026-07-21T23:08:12","guid":{"rendered":"https:\/\/www.europesays.com\/at\/287583\/"},"modified":"2026-07-21T23:08:12","modified_gmt":"2026-07-21T23:08:12","slug":"wm-bronze-fuer-oesterreich-im-wildwasserkanu","status":"publish","type":"post","link":"https:\/\/www.europesays.com\/at\/287583\/","title":{"rendered":"WM-Bronze f\u00fcr \u00d6sterreich im Wildwasserkanu"},"content":{"rendered":"<p>\u00d6sterreichs Kajak-Kanuten haben bei den Wildwasser-Weltmeisterschaften in Oklahoma City mit dem Gewinn von Bronze im Teambewerb f\u00fcr eine \u00dcberraschung gesorgt.<\/p>\n<p>Felix Oschmautz, Mario Leitner und Junioren-Weltmeister Max Steinbrenner blieben am Dienstag in 90,78 Sekunden ohne Fehler. <\/p>\n<p>Besser waren nur das slowenische Team in 89,60 und die Schweizer in 89,71. Die mit vier Strafsekunden im aus 18 Teams bestehenden Feld viertplatzierten Polen distanzierte das OKV-Trio um 0,15 Sekunden.<\/p>\n<p>Oschmautz in Top-Form<\/p>\n<p>Oschmautz hatte schon am Vortag beim WM-Auftakt am Gel\u00e4nde der Olympia-Bewerbe 2028 mit Rang f\u00fcnf im Kajak-Cross-Zeitlauf f\u00fcr ein starkes Resultat gesorgt. <\/p>\n<p>Fr\u00fcher am Dienstag kam der Olympia-Vierte von Tokio 2021 im Vorlauf des Kajak-Einers als 29. gerade noch ins f\u00fcr Donnerstag angesetzte Semifinale.<\/p>\n<p>Der ebenso fehlerlose Leitner schaffte das als 13. weitaus sicherer, Steinbrenner wurde unter 80 Konkurrenten 57. Auch das Finale in diesem Bewerb wird am Donnerstag ausgetragen, f\u00fcr Samstag werden Oschmautz und Leitner im K.o.-Bewerb im Kajak Cross engagiert sein.<\/p>\n","protected":false},"excerpt":{"rendered":"\u00d6sterreichs Kajak-Kanuten haben bei den Wildwasser-Weltmeisterschaften in Oklahoma City mit dem Gewinn von Bronze im Teambewerb f\u00fcr eine&hellip;\n","protected":false},"author":2,"featured_media":287584,"comment_status":"","ping_status":"","sticky":false,"template":"","format":"standard","meta":{"footnotes":"","_share_on_mastodon":"0"},"categories":[8],"tags":[76200,14210,964,4058,76199,76202,76201,40,41,39,13635,38],"class_list":["post-287583","post","type-post","status-publish","format-standard","has-post-thumbnail","category-nachrichten","tag-felix-oschmautz","tag-fifa-wm-2026","tag-fussball","tag-fussball-wm","tag-kajak","tag-kanu","tag-mario-leitner","tag-nachrichten","tag-news","tag-schlagzeilen","tag-sport-mix","tag-top-meldungen"],"share_on_mastodon":{"url":"https:\/\/pubeurope.com\/@at\/116960487434102735","error":""},"_links":{"self":[{"href":"https:\/\/www.europesays.com\/at\/wp-json\/wp\/v2\/posts\/287583","targetHints":{"allow":["GET"]}}],"collection":[{"href":"https:\/\/www.europesays.com\/at\/wp-json\/wp\/v2\/posts"}],"about":[{"href":"https:\/\/www.europesays.com\/at\/wp-json\/wp\/v2\/types\/post"}],"author":[{"embeddable":true,"href":"https:\/\/www.europesays.com\/at\/wp-json\/wp\/v2\/users\/2"}],"replies":[{"embeddable":true,"href":"https:\/\/www.europesays.com\/at\/wp-json\/wp\/v2\/comments?post=287583"}],"version-history":[{"count":0,"href":"https:\/\/www.europesays.com\/at\/wp-json\/wp\/v2\/posts\/287583\/revisions"}],"wp:featuredmedia":[{"embeddable":true,"href":"https:\/\/www.europesays.com\/at\/wp-json\/wp\/v2\/media\/287584"}],"wp:attachment":[{"href":"https:\/\/www.europesays.com\/at\/wp-json\/wp\/v2\/media?parent=287583"}],"wp:term":[{"taxonomy":"category","embeddable":true,"href":"https:\/\/www.europesays.com\/at\/wp-json\/wp\/v2\/categories?post=287583"},{"taxonomy":"post_tag","embeddable":true,"href":"https:\/\/www.europesays.com\/at\/wp-json\/wp\/v2\/tags?post=287583"}],"curies":[{"name":"wp","href":"https:\/\/api.w.org\/{rel}","templated":true}]}}