{"id":289656,"date":"2026-07-23T01:10:10","date_gmt":"2026-07-23T01:10:10","guid":{"rendered":"https:\/\/www.europesays.com\/at\/289656\/"},"modified":"2026-07-23T01:10:10","modified_gmt":"2026-07-23T01:10:10","slug":"aktien-wien-schluss-atx-legt-zu","status":"publish","type":"post","link":"https:\/\/www.europesays.com\/at\/289656\/","title":{"rendered":"Aktien Wien Schluss: ATX legt zu"},"content":{"rendered":"<p>Der ATX AT0000999982 beendete den Tag mit einem Plus von 0,26 Prozent und 6.528,16 Punkten. Der breiter gefasste ATX Prime stieg um 0,33 Prozent auf 3.213,58 Z\u00e4hler. Auch an anderen B\u00f6rsen in Europa ging es leicht nach oben. Die \u00d6lpreisanstiege nach neuen kriegerischen Auseinandersetzungen im Nahen Osten belasteten die B\u00f6rsen am Mittwoch nicht merklich.<\/p>\n<p>Insgesamt gab es nur wenig Bewegung. Viele Anleger d\u00fcrften derzeit die am Mittwoch nach B\u00f6rsenschluss anstehenden Quartalszahlen einiger wichtiger US-Konzerne wie Alphabet US02079K3059 und Tesla US88160R1014 sowie die am Donnerstag anstehende EZB-Zinsentscheidung abwarten.<\/p>\n<p>Gut gesucht waren angesichts der steigenden Roh\u00f6lpreise europaweit Aktien der Energie- und \u00d6lbranche. Auch in Wien fanden sich die Titel der \u00d6lwerte SBO (plus 2,5 Prozent) und OMV AT0000743059 (plus 1,1 Prozent) unter den gr\u00f6\u00dften Gewinnern. Die Aktien der Stromversorger EVN AT0000741053 und Verbund stiegen um 1,7 bzw. 1,6 Prozent.<\/p>\n<p>Gr\u00f6\u00dfere Verlierer gab es am Mittwoch kaum. Aktien der AT&amp;S AT0000969985 kamen mit einem Minus von 1,1 Prozent leicht von ihrem 12-Prozent-Kurssprung vom Vortag zur\u00fcck. Titel des Baukonzerns Porr fielen um 1,0 Prozent.<\/p>\n<p>Wienerberger AT0000831706 weiteten die Korrektur vom Vortag noch etwas aus und erm\u00e4\u00dfigten sich um weitere 0,5 Prozent auf 21,28 Euro. Die Analysten von Berenberg haben ihr Kursziel f\u00fcr die Aktie des Baustoffkonzerns von 34,00 auf 25,00 Euro gesenkt und ihre Empfehlung &#8222;buy&#8220; best\u00e4tigt.<\/p>\n<p>Telekom Austria AT0000720008 schlossen nach der Meldung von Quartalszahlen am Vorabend mit einem kleinen Plus von 0,21 Prozent. Die Analysten der Erste Group werteten die Zahlen in einer ersten Reaktion positiv. Das operative Ergebnis war zwar etwas schw\u00e4cher als erwartet ausgefallen, daf\u00fcr lagen Umsatz und Konzernergebnis \u00fcber den Prognosen. Insgesamt zeigten die Zahlen, dass das robuste internationale Gesch\u00e4ft der Telekom die Schw\u00e4che am Heimatmarkt \u00d6sterreich kompensieren kann, so die Experten.<\/p>\n","protected":false},"excerpt":{"rendered":"Der ATX AT0000999982 beendete den Tag mit einem Plus von 0,26 Prozent und 6.528,16 Punkten. Der breiter gefasste&hellip;\n","protected":false},"author":2,"featured_media":274395,"comment_status":"","ping_status":"","sticky":false,"template":"","format":"standard","meta":{"footnotes":"","_share_on_mastodon":"0"},"categories":[14],"tags":[82,46,1150,42,1677,95,90,89,91,94,44,11411,93,92,182,3753],"class_list":["post-289656","post","type-post","status-publish","format-standard","has-post-thumbnail","category-unternehmen-maerkte","tag-aktien","tag-at","tag-atx","tag-austria","tag-boerse","tag-business","tag-companies","tag-companies-markets","tag-markets","tag-maerkte","tag-oesterreich","tag-schluss","tag-unternehmen","tag-unternehmen-maerkte","tag-wien","tag-wiener"],"share_on_mastodon":{"url":"https:\/\/pubeurope.com\/@at\/116966629294810733","error":""},"_links":{"self":[{"href":"https:\/\/www.europesays.com\/at\/wp-json\/wp\/v2\/posts\/289656","targetHints":{"allow":["GET"]}}],"collection":[{"href":"https:\/\/www.europesays.com\/at\/wp-json\/wp\/v2\/posts"}],"about":[{"href":"https:\/\/www.europesays.com\/at\/wp-json\/wp\/v2\/types\/post"}],"author":[{"embeddable":true,"href":"https:\/\/www.europesays.com\/at\/wp-json\/wp\/v2\/users\/2"}],"replies":[{"embeddable":true,"href":"https:\/\/www.europesays.com\/at\/wp-json\/wp\/v2\/comments?post=289656"}],"version-history":[{"count":0,"href":"https:\/\/www.europesays.com\/at\/wp-json\/wp\/v2\/posts\/289656\/revisions"}],"wp:featuredmedia":[{"embeddable":true,"href":"https:\/\/www.europesays.com\/at\/wp-json\/wp\/v2\/media\/274395"}],"wp:attachment":[{"href":"https:\/\/www.europesays.com\/at\/wp-json\/wp\/v2\/media?parent=289656"}],"wp:term":[{"taxonomy":"category","embeddable":true,"href":"https:\/\/www.europesays.com\/at\/wp-json\/wp\/v2\/categories?post=289656"},{"taxonomy":"post_tag","embeddable":true,"href":"https:\/\/www.europesays.com\/at\/wp-json\/wp\/v2\/tags?post=289656"}],"curies":[{"name":"wp","href":"https:\/\/api.w.org\/{rel}","templated":true}]}}