{"id":289813,"date":"2026-07-23T04:04:07","date_gmt":"2026-07-23T04:04:07","guid":{"rendered":"https:\/\/www.europesays.com\/at\/289813\/"},"modified":"2026-07-23T04:04:07","modified_gmt":"2026-07-23T04:04:07","slug":"trotz-sparpaket-ueber-500-000-buerger-bekommen-ab-2027-mehr-geld","status":"publish","type":"post","link":"https:\/\/www.europesays.com\/at\/289813\/","title":{"rendered":"Trotz Sparpaket &#8211; \u00dcber 500.000 B\u00fcrger bekommen ab 2027 mehr Geld"},"content":{"rendered":"<p>\u00dcber \u201eden vollen Inflationsabgleich\u201c freut sich besonders SP\u00d6-Sozialministerin Korinna Schumann: \u201eDie Menschen, die t\u00e4glich pflegen, und jene, die auf Pflege angewiesen sind, verdienen unsere volle Unterst\u00fctzung. Deshalb bin ich sehr froh dar\u00fcber, dass es gelungen ist, die Pflegegeld-Erh\u00f6hung f\u00fcr 2027 abzusichern.\u201c Damit werde laut ihr ein wichtiger Beitrag zur sozialen Absicherung in unsicheren Zeiten gew\u00e4hrleistet.<\/p>\n","protected":false},"excerpt":{"rendered":"\u00dcber \u201eden vollen Inflationsabgleich\u201c freut sich besonders SP\u00d6-Sozialministerin Korinna Schumann: \u201eDie Menschen, die t\u00e4glich pflegen, und jene, die&hellip;\n","protected":false},"author":2,"featured_media":289814,"comment_status":"","ping_status":"","sticky":false,"template":"","format":"standard","meta":{"footnotes":"","_share_on_mastodon":"0"},"categories":[6],"tags":[46,42,21297,44,43,45],"class_list":["post-289813","post","type-post","status-publish","format-standard","has-post-thumbnail","category-oesterreich","tag-at","tag-austria","tag-korinna-schumann","tag-oesterreich","tag-republic-of-austria","tag-republik-oesterreich"],"share_on_mastodon":{"url":"https:\/\/pubeurope.com\/@at\/116967313702980603","error":""},"_links":{"self":[{"href":"https:\/\/www.europesays.com\/at\/wp-json\/wp\/v2\/posts\/289813","targetHints":{"allow":["GET"]}}],"collection":[{"href":"https:\/\/www.europesays.com\/at\/wp-json\/wp\/v2\/posts"}],"about":[{"href":"https:\/\/www.europesays.com\/at\/wp-json\/wp\/v2\/types\/post"}],"author":[{"embeddable":true,"href":"https:\/\/www.europesays.com\/at\/wp-json\/wp\/v2\/users\/2"}],"replies":[{"embeddable":true,"href":"https:\/\/www.europesays.com\/at\/wp-json\/wp\/v2\/comments?post=289813"}],"version-history":[{"count":0,"href":"https:\/\/www.europesays.com\/at\/wp-json\/wp\/v2\/posts\/289813\/revisions"}],"wp:featuredmedia":[{"embeddable":true,"href":"https:\/\/www.europesays.com\/at\/wp-json\/wp\/v2\/media\/289814"}],"wp:attachment":[{"href":"https:\/\/www.europesays.com\/at\/wp-json\/wp\/v2\/media?parent=289813"}],"wp:term":[{"taxonomy":"category","embeddable":true,"href":"https:\/\/www.europesays.com\/at\/wp-json\/wp\/v2\/categories?post=289813"},{"taxonomy":"post_tag","embeddable":true,"href":"https:\/\/www.europesays.com\/at\/wp-json\/wp\/v2\/tags?post=289813"}],"curies":[{"name":"wp","href":"https:\/\/api.w.org\/{rel}","templated":true}]}}