{"id":291708,"date":"2026-07-24T02:38:12","date_gmt":"2026-07-24T02:38:12","guid":{"rendered":"https:\/\/www.europesays.com\/at\/291708\/"},"modified":"2026-07-24T02:38:12","modified_gmt":"2026-07-24T02:38:12","slug":"trump-infantino-skandal-norwegens-verband-kuendigt-beschwerde-an","status":"publish","type":"post","link":"https:\/\/www.europesays.com\/at\/291708\/","title":{"rendered":"Trump\/Infantino-Skandal: Norwegens Verband k\u00fcndigt Beschwerde an"},"content":{"rendered":"<p>Der Fall Folarin Balogun sorgt im Weltfu\u00dfball weiter f\u00fcr Aufregung und Erkl\u00e4rungsbedarf.<\/p>\n<p>Nun hat Norwegens Verbandspr\u00e4sidentin Lise Klaveness angek\u00fcndigt, eine formelle Beschwerde bei der FIFA einzureichen. Sie wolle die Einmischung von US-Pr\u00e4sident Donald Trump nicht ignorieren, erkl\u00e4rte sie in einem Interview der englischen &#8222;Times&#8220;.<\/p>\n<p>Klaveness r\u00fcgte die FIFA-Funktion\u00e4re und warf ihnen vor, den Fall vertuschen zu wollen.<\/p>\n<p>&#8222;Gef\u00e4hrdet den gesamten Sport&#8220;<\/p>\n<p>FIFA-Pr\u00e4sident Gianni Infantino und Trump stehen seit mehreren Wochen massiv in der Kritik, nachdem US-St\u00fcrmer Balogun seine Sperre trotz Roter Karte f\u00fcr das Achtelfinale gegen Belgien erlassen bekommen hatte.<\/p>\n<p>Die in der j\u00fcngeren WM-Geschichte beispiellose Aufhebung der Sperre folgte auf einen Anruf Trumps bei Infantino. Balogun spielte in Seattle, konnte das 1:4 gegen Belgien aber nicht verhindern.<\/p>\n<p>&#8222;Wer gegen eine solche Regel verst\u00f6\u00dft, begibt sich auf einen gef\u00e4hrlichen Weg und gef\u00e4hrdet den gesamten Sport&#8220;, sagte die 45 Jahre alte Klaveness. Norwegens Verband wolle den Fall vollst\u00e4ndig aufkl\u00e4ren, das gelte insbesondere f\u00fcr das Telefonat Trumps mit Infantino.<\/p>\n","protected":false},"excerpt":{"rendered":"Der Fall Folarin Balogun sorgt im Weltfu\u00dfball weiter f\u00fcr Aufregung und Erkl\u00e4rungsbedarf. Nun hat Norwegens Verbandspr\u00e4sidentin Lise Klaveness&hellip;\n","protected":false},"author":2,"featured_media":291709,"comment_status":"","ping_status":"","sticky":false,"template":"","format":"standard","meta":{"footnotes":"","_share_on_mastodon":"0"},"categories":[18],"tags":[46,42,575,14210,69644,964,4058,3977,1415,44,109,108],"class_list":["post-291708","post","type-post","status-publish","format-standard","has-post-thumbnail","category-sport","tag-at","tag-austria","tag-donald-trump","tag-fifa-wm-2026","tag-folarin-balogun","tag-fussball","tag-fussball-wm","tag-gianni-infantino","tag-grossbritannien","tag-oesterreich","tag-sport","tag-sports"],"share_on_mastodon":{"url":"https:\/\/pubeurope.com\/@at\/116972637612402800","error":""},"_links":{"self":[{"href":"https:\/\/www.europesays.com\/at\/wp-json\/wp\/v2\/posts\/291708","targetHints":{"allow":["GET"]}}],"collection":[{"href":"https:\/\/www.europesays.com\/at\/wp-json\/wp\/v2\/posts"}],"about":[{"href":"https:\/\/www.europesays.com\/at\/wp-json\/wp\/v2\/types\/post"}],"author":[{"embeddable":true,"href":"https:\/\/www.europesays.com\/at\/wp-json\/wp\/v2\/users\/2"}],"replies":[{"embeddable":true,"href":"https:\/\/www.europesays.com\/at\/wp-json\/wp\/v2\/comments?post=291708"}],"version-history":[{"count":0,"href":"https:\/\/www.europesays.com\/at\/wp-json\/wp\/v2\/posts\/291708\/revisions"}],"wp:featuredmedia":[{"embeddable":true,"href":"https:\/\/www.europesays.com\/at\/wp-json\/wp\/v2\/media\/291709"}],"wp:attachment":[{"href":"https:\/\/www.europesays.com\/at\/wp-json\/wp\/v2\/media?parent=291708"}],"wp:term":[{"taxonomy":"category","embeddable":true,"href":"https:\/\/www.europesays.com\/at\/wp-json\/wp\/v2\/categories?post=291708"},{"taxonomy":"post_tag","embeddable":true,"href":"https:\/\/www.europesays.com\/at\/wp-json\/wp\/v2\/tags?post=291708"}],"curies":[{"name":"wp","href":"https:\/\/api.w.org\/{rel}","templated":true}]}}