{"id":293340,"date":"2026-07-24T21:05:10","date_gmt":"2026-07-24T21:05:10","guid":{"rendered":"https:\/\/www.europesays.com\/at\/293340\/"},"modified":"2026-07-24T21:05:10","modified_gmt":"2026-07-24T21:05:10","slug":"sturm-wie-ried-wac-wsg-und-altach-in-zweiter-cup-runde","status":"publish","type":"post","link":"https:\/\/www.europesays.com\/at\/293340\/","title":{"rendered":"Sturm wie Ried, WAC, WSG und Altach in zweiter Cup-Runde"},"content":{"rendered":"<p><a href=\"https:\/\/www.kleinezeitung.at\/rubriken\/sport\" data-slot=\"base\" class=\"inline-flex items-center disabled:cursor-not-allowed aria-disabled:cursor-not-allowed disabled:opacity-75 aria-disabled:opacity-75 transition-colors rounded-lg px-2.5 py-1.5 text-sm text-muted hover:text-default active:text-default disabled:text-muted aria-disabled:text-muted outline-inverted\/25 focus-visible:outline-3 gap-0 font-bold uppercase tracking-widest truncate !p-0 !rounded-none select-none\" rel=\"nofollow noopener\" target=\"_blank\">Sport<\/a><\/p>\n<p class=\"klz-text-article-lead\">Vizemeister Sturm Graz hat auch sein zweites Pflichtspiel der neuen Fu\u00dfball-Saison klar gewonnen. Die Grazer setzten sich in der ersten Runde des \u00d6FB-Cups auch ohne zahlreiche geschonte Stammkr\u00e4fte beim Drittligisten SV Seekirchen mit 3:0 (1:0) durch. Die Tore erzielten Simon Seidl (39.), Ryan Fosso (49.) und Szymon Wlodarczyk (85.). Mit der SV Ried, dem WAC, der WSG Tirol und dem SCR Altach zogen auch alle vier weiteren Bundesligisten am Freitag in die zweite Runde ein.<\/p>\n<p><img decoding=\"async\" src=\"https:\/\/www.europesays.com\/at\/wp-content\/uploads\/2026\/07\/92970011594228326_BLD_Online.jpg\" alt=\"Sturm-Torsch\u00fctze Ryan Fosso (Archivbild)\" loading=\"eager\" fetchpriority=\"high\"  class=\"w-full object-contain  rounded-2xl\"\/> \u00a9 APA\/EXPA\/ REINHARD EISENBAUERSturm-Torsch\u00fctze Ryan Fosso (Archivbild)<\/p>\n<p>vor 2 Stunden24. Juli 2026 um 18:42<\/p>\n","protected":false},"excerpt":{"rendered":"Sport Vizemeister Sturm Graz hat auch sein zweites Pflichtspiel der neuen Fu\u00dfball-Saison klar gewonnen. Die Grazer setzten sich&hellip;\n","protected":false},"author":2,"featured_media":293341,"comment_status":"","ping_status":"","sticky":false,"template":"","format":"standard","meta":{"footnotes":"","_share_on_mastodon":"0"},"categories":[18],"tags":[1447,46,42,1453,964,622,44,109,108,182,16095],"class_list":["post-293340","post","type-post","status-publish","format-standard","has-post-thumbnail","category-sport","tag-vorarlberg","tag-at","tag-austria","tag-dornbirn","tag-fussball","tag-niederoesterreich","tag-oesterreich","tag-sport","tag-sports","tag-wien","tag-wieselburg"],"share_on_mastodon":{"url":"https:\/\/pubeurope.com\/@at\/116976991030672585","error":""},"_links":{"self":[{"href":"https:\/\/www.europesays.com\/at\/wp-json\/wp\/v2\/posts\/293340","targetHints":{"allow":["GET"]}}],"collection":[{"href":"https:\/\/www.europesays.com\/at\/wp-json\/wp\/v2\/posts"}],"about":[{"href":"https:\/\/www.europesays.com\/at\/wp-json\/wp\/v2\/types\/post"}],"author":[{"embeddable":true,"href":"https:\/\/www.europesays.com\/at\/wp-json\/wp\/v2\/users\/2"}],"replies":[{"embeddable":true,"href":"https:\/\/www.europesays.com\/at\/wp-json\/wp\/v2\/comments?post=293340"}],"version-history":[{"count":0,"href":"https:\/\/www.europesays.com\/at\/wp-json\/wp\/v2\/posts\/293340\/revisions"}],"wp:featuredmedia":[{"embeddable":true,"href":"https:\/\/www.europesays.com\/at\/wp-json\/wp\/v2\/media\/293341"}],"wp:attachment":[{"href":"https:\/\/www.europesays.com\/at\/wp-json\/wp\/v2\/media?parent=293340"}],"wp:term":[{"taxonomy":"category","embeddable":true,"href":"https:\/\/www.europesays.com\/at\/wp-json\/wp\/v2\/categories?post=293340"},{"taxonomy":"post_tag","embeddable":true,"href":"https:\/\/www.europesays.com\/at\/wp-json\/wp\/v2\/tags?post=293340"}],"curies":[{"name":"wp","href":"https:\/\/api.w.org\/{rel}","templated":true}]}}