{"id":29359,"date":"2026-03-06T14:22:19","date_gmt":"2026-03-06T14:22:19","guid":{"rendered":"https:\/\/www.europesays.com\/at\/29359\/"},"modified":"2026-03-06T14:22:19","modified_gmt":"2026-03-06T14:22:19","slug":"mfe-neue-struktur-und-besondere-rolle-fuer-prosiebensat-1-unit","status":"publish","type":"post","link":"https:\/\/www.europesays.com\/at\/29359\/","title":{"rendered":"MFE: Neue Struktur und besondere Rolle f\u00fcr ProSiebenSat.1-Unit"},"content":{"rendered":"<p>            <img decoding=\"async\" fetchpriority=\"high\" width=\"696\" height=\"400\" data-no-lazy=\"\" class=\"entry-thumb\" src=\"https:\/\/www.europesays.com\/at\/wp-content\/uploads\/2026\/03\/df-mediaset-696x400.jpg\" alt=\"Mediaset Geb\u00e4ude; MediaForEurope\" title=\"df-mediaset\"\/>\u00a9MFEMediaForEurope<\/p>\n<p>ProSiebenSat.1-Mutter MediaForEurope, auch als MFE bekannt, strukturiert um. <\/p>\n<p>Der Medienkonzern MFE, also die MediaForEurope, richtet seine F\u00fchrungsstruktur neu aus und will sich st\u00e4rker als operativ gef\u00fchrtes Medienunternehmen positionieren. Der Verwaltungsrat hat dazu eine neue Top-Management-Organisation beschlossen, die den Wandel von einer klassischen Finanzholding hin zu einer st\u00e4rker koordinierten Mediengruppe vorantreiben soll.<\/p>\n<p>Im Zuge der Neuaufstellung \u00fcbernimmt Pier Silvio Berlusconi k\u00fcnftig die Doppelfunktion als Chairman und Group Chief Executive Officer. Fedele Confalonieri bleibt weiterhin Statutory Chairperson.<\/p>\n<p>Das ist geplant<\/p>\n<p>Mit dem neuen Modell will MFE seine bisher stark vertikal organisierte Struktur aufbrechen und st\u00e4rker horizontal ausrichten. Zentrale Funktionen der Gruppe werden k\u00fcnftig in der Holding geb\u00fcndelt, um internationale Aktivit\u00e4ten besser zu koordinieren, Innovation zu f\u00f6rdern und das operative Gesch\u00e4ft in den verschiedenen M\u00e4rkten enger zu verzahnen. Ziel ist es, Wachstum und Zusammenarbeit innerhalb der europ\u00e4ischen Mediengruppe zu beschleunigen. Konkret ist geplant:<\/p>\n<p>Pasquale Straziota wird General Counsel und koordiniert die rechtlichen Aktivit\u00e4ten innerhalb der Gruppe. ProSiebenSat.1-CEO Marco Giordani wird als Chief Finance and International Business Officer die Finanzen der Gruppe \u00fcberwachen, CFO wird Simone Sole.Gina Nieri wird Chief Institutional Affairs Officer und vertritt MFE in internationalen institutionellen und regulatorischen Kontexten. Mauro Crippa wird zum Chief Corporate Communication Officer ernannt und ist f\u00fcr die Unternehmenskommunikation und Medienarbeit der gesamten Gruppe verantwortlich. Eine besondere Aufgabe kommt auf Dirk Voigtl\u00e4nder von ProSiebenSat.1 zu. MFE will sich in einigen Bereichen n\u00e4mlich st\u00e4rker spezialisieren, dazu geh\u00f6rt auch eine Unit, die sich um KI und digitale Plattformen k\u00fcmmert. Insbesondere das Wissen in von ProSiebenSat.1 in Unterf\u00f6hring soll dabei genutzt werden.<\/p>\n<p>Au\u00dferdem interessant:<\/p>\n<p class=\"isc_image_list_title\">Bildquelle:<\/p>\n<p>\t\tdf-mediaset: MediaForEurope\t\t<\/p>\n","protected":false},"excerpt":{"rendered":"\u00a9MFEMediaForEurope ProSiebenSat.1-Mutter MediaForEurope, auch als MFE bekannt, strukturiert um. Der Medienkonzern MFE, also die MediaForEurope, richtet seine F\u00fchrungsstruktur&hellip;\n","protected":false},"author":2,"featured_media":29360,"comment_status":"","ping_status":"","sticky":false,"template":"","format":"standard","meta":{"footnotes":"","_share_on_mastodon":"0"},"categories":[25],"tags":[46,42,147,13872,44,3697,156,155,148],"class_list":["post-29359","post","type-post","status-publish","format-standard","has-post-thumbnail","category-serien","tag-at","tag-austria","tag-entertainment","tag-mediaforeurope","tag-oesterreich","tag-prosiebensat-1","tag-serien","tag-series","tag-unterhaltung"],"share_on_mastodon":{"url":"https:\/\/pubeurope.com\/@at\/116182682431908881","error":""},"_links":{"self":[{"href":"https:\/\/www.europesays.com\/at\/wp-json\/wp\/v2\/posts\/29359","targetHints":{"allow":["GET"]}}],"collection":[{"href":"https:\/\/www.europesays.com\/at\/wp-json\/wp\/v2\/posts"}],"about":[{"href":"https:\/\/www.europesays.com\/at\/wp-json\/wp\/v2\/types\/post"}],"author":[{"embeddable":true,"href":"https:\/\/www.europesays.com\/at\/wp-json\/wp\/v2\/users\/2"}],"replies":[{"embeddable":true,"href":"https:\/\/www.europesays.com\/at\/wp-json\/wp\/v2\/comments?post=29359"}],"version-history":[{"count":0,"href":"https:\/\/www.europesays.com\/at\/wp-json\/wp\/v2\/posts\/29359\/revisions"}],"wp:featuredmedia":[{"embeddable":true,"href":"https:\/\/www.europesays.com\/at\/wp-json\/wp\/v2\/media\/29360"}],"wp:attachment":[{"href":"https:\/\/www.europesays.com\/at\/wp-json\/wp\/v2\/media?parent=29359"}],"wp:term":[{"taxonomy":"category","embeddable":true,"href":"https:\/\/www.europesays.com\/at\/wp-json\/wp\/v2\/categories?post=29359"},{"taxonomy":"post_tag","embeddable":true,"href":"https:\/\/www.europesays.com\/at\/wp-json\/wp\/v2\/tags?post=29359"}],"curies":[{"name":"wp","href":"https:\/\/api.w.org\/{rel}","templated":true}]}}