{"id":294764,"date":"2026-07-25T18:13:18","date_gmt":"2026-07-25T18:13:18","guid":{"rendered":"https:\/\/www.europesays.com\/at\/294764\/"},"modified":"2026-07-25T18:13:18","modified_gmt":"2026-07-25T18:13:18","slug":"nur-acht-pflichtspieleinsaetze-salzburg-gibt-abgang-bekannt","status":"publish","type":"post","link":"https:\/\/www.europesays.com\/at\/294764\/","title":{"rendered":"Nur acht Pflichtspieleins\u00e4tze: Salzburg gibt Abgang bekannt"},"content":{"rendered":"<p class=\"isSelectedEnd\">Takumu Kawamura verl\u00e4sst den <a href=\"https:\/\/www.skysportaustria.at\/fussball\/admiral-bundesliga\/red-bull-salzburg\/\" rel=\"nofollow noopener\" target=\"_blank\">FC Red Bull Salzburg<\/a> und kehrt zu Sanfrecce Hiroshima zur\u00fcck. Der 26-j\u00e4hrige Mittelfeldspieler wird damit k\u00fcnftig wieder in der japanischen J1 League auflaufen.<\/p>\n<p class=\"isSelectedEnd\">Kawamura war im Sommer 2024 von Sanfrecce Hiroshima nach Salzburg gewechselt. Aufgrund mehrerer Verletzungen kam der Japaner in zwei Spielzeiten lediglich zu acht Pflichtspieleins\u00e4tzen.<\/p>\n<p>\u201eTakumu Kawamura hatte bei uns aufgrund verschiedener Umst\u00e4nde keine einfache Zeit und kam leider zu sehr wenigen Spieleins\u00e4tzen\u201c, erkl\u00e4rt Salzburgs Gesch\u00e4ftsf\u00fchrer Sport Marcus Mann. \u201eDie laufende Vorbereitung hat er ohne Probleme absolviert und wechselt nun in guter k\u00f6rperlicher Verfassung zu seinem Ex-Klub zur\u00fcck. Wir w\u00fcnschen ihm alles Gute, Gesundheit und viel Erfolg.\u201c<\/p>\n<p><a class=\"ad-msg\" href=\"https:\/\/ankick.skysportaustria.at\/\" target=\"_blank\" rel=\"nofollow noopener\"><img loading=\"lazy\" decoding=\"async\" width=\"900\" height=\"300\" src=\"https:\/\/www.europesays.com\/at\/wp-content\/uploads\/2026\/07\/1785003198_793_ankick_900x300.jpg\" class=\"ad-msg__image ad-msg__image--mobile\" alt=\"Werbung\"  \/><\/a><\/p>\n","protected":false},"excerpt":{"rendered":"Takumu Kawamura verl\u00e4sst den FC Red Bull Salzburg und kehrt zu Sanfrecce Hiroshima zur\u00fcck. Der 26-j\u00e4hrige Mittelfeldspieler wird&hellip;\n","protected":false},"author":2,"featured_media":294765,"comment_status":"","ping_status":"","sticky":false,"template":"","format":"standard","meta":{"footnotes":"","_share_on_mastodon":"0"},"categories":[31],"tags":[24369,46,42,70136,44,1065,192],"class_list":["post-294764","post","type-post","status-publish","format-standard","has-post-thumbnail","category-salzburg","tag-abgang","tag-at","tag-austria","tag-kawamura","tag-oesterreich","tag-red-bull-salzburg","tag-salzburg"],"share_on_mastodon":{"url":"https:\/\/pubeurope.com\/@at\/116981977109214844","error":""},"_links":{"self":[{"href":"https:\/\/www.europesays.com\/at\/wp-json\/wp\/v2\/posts\/294764","targetHints":{"allow":["GET"]}}],"collection":[{"href":"https:\/\/www.europesays.com\/at\/wp-json\/wp\/v2\/posts"}],"about":[{"href":"https:\/\/www.europesays.com\/at\/wp-json\/wp\/v2\/types\/post"}],"author":[{"embeddable":true,"href":"https:\/\/www.europesays.com\/at\/wp-json\/wp\/v2\/users\/2"}],"replies":[{"embeddable":true,"href":"https:\/\/www.europesays.com\/at\/wp-json\/wp\/v2\/comments?post=294764"}],"version-history":[{"count":0,"href":"https:\/\/www.europesays.com\/at\/wp-json\/wp\/v2\/posts\/294764\/revisions"}],"wp:featuredmedia":[{"embeddable":true,"href":"https:\/\/www.europesays.com\/at\/wp-json\/wp\/v2\/media\/294765"}],"wp:attachment":[{"href":"https:\/\/www.europesays.com\/at\/wp-json\/wp\/v2\/media?parent=294764"}],"wp:term":[{"taxonomy":"category","embeddable":true,"href":"https:\/\/www.europesays.com\/at\/wp-json\/wp\/v2\/categories?post=294764"},{"taxonomy":"post_tag","embeddable":true,"href":"https:\/\/www.europesays.com\/at\/wp-json\/wp\/v2\/tags?post=294764"}],"curies":[{"name":"wp","href":"https:\/\/api.w.org\/{rel}","templated":true}]}}