{"id":297416,"date":"2026-07-27T09:39:11","date_gmt":"2026-07-27T09:39:11","guid":{"rendered":"https:\/\/www.europesays.com\/at\/297416\/"},"modified":"2026-07-27T09:39:11","modified_gmt":"2026-07-27T09:39:11","slug":"vertrag-mit-wettanbieter-aus-russland-pirlo-dementiert-vorwuerfe","status":"publish","type":"post","link":"https:\/\/www.europesays.com\/at\/297416\/","title":{"rendered":"Vertrag mit Wettanbieter aus Russland: Pirlo dementiert Vorw\u00fcrfe"},"content":{"rendered":"<p>Andrea Pirlo galt nach der Absage von <a href=\"https:\/\/www.laola1.at\/de\/daten\/news\/pep-guardiola\/\" class=\"tag\" rel=\"nofollow noopener\" target=\"_blank\">Pep Guardiola<\/a> eigentlich als Favorit auf den Teamchefposten Italiens. Das Ganze gestaltet sich aber schwierig.<\/p>\n<p>Die Fu\u00dfballlegende hat n\u00e4mlich einen Vertrag mit dem russischen Wettanbieter &#8222;fonbet&#8220; und <a target=\"_blank\" rel=\"noopener noreferrer nofollow\" href=\"https:\/\/www.laola1.at\/de\/red\/fussball\/euro-2028\/news\/vertrag-mit-russischem-wettanbieter--pirlo-deal-wackelt\/\">dient dort als Werbegesicht. &gt;&gt;&gt;<\/a><\/p>\n<p>Aufgrund des Angriffskrieges gegen die Ukraine pflegt Italien keine guten Beziehungen zu Russland. Dementsprechend wird das Thema immer mehr zur politischen Debatte. <\/p>\n<p>Der Pr\u00e4sident des Fu\u00dfballverbands FIGC, Giovanni Malago, l\u00e4sst Berichten zufolge die Vertr\u00e4ge Pirlos mit dem Wettanbieter pr\u00fcfen.<\/p>\n<p>Pirlo schreibt nach Salzburg-Match<\/p>\n<p>Pirlo arbeitet indes weiter f\u00fcr seinen Klub United FC (Vereinigte Arabische Emirate) und holte bei einem Geheimtest gegen den <a target=\"_blank\" rel=\"noopener noreferrer nofollow\" href=\"https:\/\/www.laola1.at\/de\/red\/fussball\/bundesliga\/news\/geheimer-test--tabakovic-trifft-bei-salzburg-remis\/\">FC Red Bull Salzburg ein 1:1. &gt;&gt;&gt;<\/a><\/p>\n<p>Nach dem Spiel \u00e4u\u00dfert sich der Italiener auf &#8222;Instagram&#8220; zur Debatte um seine Person. &#8222;In den letzten Tagen habe ich mit gro\u00dfer Bitterkeit die Debatte verfolgt, die sich um meinen Namen und die M\u00f6glichkeit, das Amt des Nationaltrainers der italienischen Nationalmannschaft zu \u00fcbernehmen, entwickelt hat.&#8220;<\/p>\n<p>&#8222;Aus Respekt gegen\u00fcber den Institutionen, dem Verband und allen beteiligten Personen habe ich mich bisher dazu entschieden, zu schweigen. Ich halte es jedoch f\u00fcr meine Pflicht, einige Aspekte zu kl\u00e4ren&#8220;, schreibt Pirlo.<\/p>\n<p>Laut Pirlo keine politische Bedeutung<\/p>\n<p>Der Ex-Juventus-Coach macht klar: &#8222;Im Laufe meiner Karriere, zun\u00e4chst als Fu\u00dfballspieler und heute als Trainer, habe ich meine T\u00e4tigkeit stets unter vollst\u00e4ndiger Einhaltung der Gesetze der L\u00e4nder, in denen ich t\u00e4tig war, sowie der von mir unterzeichneten Vertr\u00e4ge ausge\u00fcbt.&#8220;<\/p>\n<p>&#8222;Die berufliche Zusammenarbeit, die Gegenstand der j\u00fcngsten Kontroversen ist, entstand im Rahmen meiner beruflichen T\u00e4tigkeit in den Vereinigten Arabischen Emiraten und ist ausschlie\u00dflich kommerzieller und sportlicher Natur. Dieser Zusammenarbeit eine politische Bedeutung zuzuschreiben, bedeutet, mir \u00dcberzeugungen zu unterstellen, die ich nie ge\u00e4u\u00dfert habe und die mir fremd sind.&#8220;<\/p>\n<p>Der 47-J\u00e4hrige d\u00fcrfte nach wie vor auf den Job bei der &#8222;Squadra Azzurra&#8220; hoffen. Laut einem neuesten Bericht der &#8222;Gazzetta dello Sport&#8220; d\u00fcrfte eine Anstellung aber immer unwahrscheinlicher werden.<\/p>\n<p>Demnach habe Pirlo einen eigenst\u00e4ndigen Vertrag mit &#8222;fonbet&#8220;, Malago spreche sich entsprechend gegen ihn aus.<\/p>\n<p>Tritt Maldini zur\u00fcck?<\/p>\n<p>F\u00fcr die Trainerbestellung in Italien ist eigentlich der neue Technische Direktor Paolo Maldini zust\u00e4ndig, der Milan-Legende wurde daf\u00fcr volle R\u00fcckendeckung zugesichert. Dieser spreche sich f\u00fcr Pirlo aus.<\/p>\n<p>Ein Veto Malagos in diesem Fall k\u00f6nnte den Ex-Verteidiger, so hei\u00dft es, zum R\u00fcckzug bewegen. Der Verbandspr\u00e4sident m\u00f6chte ihn davon in einem pers\u00f6nlichen Gespr\u00e4ch abhalten.<\/p>\n<p>Maldini solle im Idealfall weiter nach dem neuen Teamchef suchen.<\/p>\n","protected":false},"excerpt":{"rendered":"Andrea Pirlo galt nach der Absage von Pep Guardiola eigentlich als Favorit auf den Teamchefposten Italiens. Das Ganze&hellip;\n","protected":false},"author":2,"featured_media":297417,"comment_status":"","ping_status":"","sticky":false,"template":"","format":"standard","meta":{"footnotes":"","_share_on_mastodon":"0"},"categories":[18],"tags":[77184,46,42,14210,964,4058,1878,29850,44,109,108],"class_list":["post-297416","post","type-post","status-publish","format-standard","has-post-thumbnail","category-sport","tag-andrea-pirlo","tag-at","tag-austria","tag-fifa-wm-2026","tag-fussball","tag-fussball-wm","tag-geruechtekueche","tag-italien-team","tag-oesterreich","tag-sport","tag-sports"],"share_on_mastodon":{"url":"https:\/\/pubeurope.com\/@at\/116991279987684274","error":""},"_links":{"self":[{"href":"https:\/\/www.europesays.com\/at\/wp-json\/wp\/v2\/posts\/297416","targetHints":{"allow":["GET"]}}],"collection":[{"href":"https:\/\/www.europesays.com\/at\/wp-json\/wp\/v2\/posts"}],"about":[{"href":"https:\/\/www.europesays.com\/at\/wp-json\/wp\/v2\/types\/post"}],"author":[{"embeddable":true,"href":"https:\/\/www.europesays.com\/at\/wp-json\/wp\/v2\/users\/2"}],"replies":[{"embeddable":true,"href":"https:\/\/www.europesays.com\/at\/wp-json\/wp\/v2\/comments?post=297416"}],"version-history":[{"count":0,"href":"https:\/\/www.europesays.com\/at\/wp-json\/wp\/v2\/posts\/297416\/revisions"}],"wp:featuredmedia":[{"embeddable":true,"href":"https:\/\/www.europesays.com\/at\/wp-json\/wp\/v2\/media\/297417"}],"wp:attachment":[{"href":"https:\/\/www.europesays.com\/at\/wp-json\/wp\/v2\/media?parent=297416"}],"wp:term":[{"taxonomy":"category","embeddable":true,"href":"https:\/\/www.europesays.com\/at\/wp-json\/wp\/v2\/categories?post=297416"},{"taxonomy":"post_tag","embeddable":true,"href":"https:\/\/www.europesays.com\/at\/wp-json\/wp\/v2\/tags?post=297416"}],"curies":[{"name":"wp","href":"https:\/\/api.w.org\/{rel}","templated":true}]}}