{"id":307118,"date":"2026-08-01T00:07:15","date_gmt":"2026-08-01T00:07:15","guid":{"rendered":"https:\/\/www.europesays.com\/at\/307118\/"},"modified":"2026-08-01T00:07:15","modified_gmt":"2026-08-01T00:07:15","slug":"kueniglberg-kommt-eine-hoehere-orf-haushaltsabgabe-kleine-zeitung","status":"publish","type":"post","link":"https:\/\/www.europesays.com\/at\/307118\/","title":{"rendered":"K\u00fcniglberg : Kommt eine h\u00f6here ORF-Haushaltsabgabe? &#8211; Kleine Zeitung"},"content":{"rendered":"<p><a href=\"https:\/\/news.google.com\/rss\/articles\/CBMijAFBVV95cUxOeDAxZS03MVFoaWxGeF90SjR4SERVbjFtaUdJUDh3N1ZKSWR6NWQ3RVNiNmY5QWJYcmQwN2lXQ1Z5WDlCUFVsZTNta2lPcUpKNEp5bTlJR2RNOXExRDE0RnNqVWs1X1RpZl9HVE1DYUpRZk93NWNUUXo4MW1RdHVhYU1oMkVyM29HQ0dnQw?oc=5\" target=\"_blank\" rel=\"nofollow noopener\">K\u00fcniglberg : Kommt eine h\u00f6here ORF-Haushaltsabgabe?<\/a>&nbsp;&nbsp;Kleine Zeitung<a href=\"https:\/\/news.google.com\/rss\/articles\/CBMiqwFBVV95cUxQZnNKN1VKdVhTNUtDMnBtZUtjaDNsS1l4MzBPaTlnS0c4bUtCR1hveWp0YW1zdjlWTHZ2dW9KaHhQM21TRzVpZFlINkl5ZWJJRDN2cmRzWUs5RF9MWkt5WlVjUXkwb2FoUWFFMkVjYzJQaDRNM1NxeURfdnZZSXZrRFNQVmx3aHZZWllsRzU5NXdqbXpwSkNwMWstdEJqSWR1VjJkX0VTOTdqVGM?oc=5\" target=\"_blank\" rel=\"nofollow noopener\">Rundfunkrechtler: ORF m\u00fcsste h\u00f6heren ORF-Beitrag beantragen<\/a>&nbsp;&nbsp;Der Standard<a href=\"https:\/\/news.google.com\/rss\/articles\/CBMiwwFBVV95cUxOX015SFZFQWFQVHZNemc0SEl4eVY4aFR3aTNOREFuWVlZb1ByaThsNDkzOGFJOXBWTEdPQlJvVTN0bFpnc2syLWMwUldLMkRfTTkwVkI2VlQtQ2E2a3E3cFB4U3V0SjFLMWZaNk1UY2kzMzhnckoyVXV3YWpENldRTUM3TXdUdFNQeVN3Rjg1VEVvLVp0eHhXSW9GWXMtV3MzeE4zN2MxN0thTEpxTGhxZUx0a0NNRHBQT3NXSEFFS08tMW8?oc=5\" target=\"_blank\" rel=\"nofollow noopener\">Hafenecker: \u201eORF-Zwangssteuer abschaffen statt Erh\u00f6hungspl\u00e4ne w\u00e4lzen!\u201c<\/a>&nbsp;&nbsp;fpoe.at<a href=\"https:\/\/news.google.com\/rss\/articles\/CBMihgFBVV95cUxNQkx0cFp1SWxyUXNXZnluUGNOODJNZU9ySWVnbW9JYTBGZHJRcjBCOHh2Nks3b3VKTUtiRmNqSjFzUFZzb0JLSURsc0t4M0ZhQm1PR0FkTUp3dHdkb0lfejVXS2tSYU5TM0VFdThUZXlnV1RxOUdwWDBPaVJsbmNZQ1JRWWVPQQ?oc=5\" target=\"_blank\" rel=\"nofollow noopener\">Budgetloch beim ORF: Jetzt droht Geb\u00fchren-Hammer<\/a>&nbsp;&nbsp;weekend.at<a href=\"https:\/\/news.google.com\/rss\/articles\/CBMisAFBVV95cUxPT3VWMXRtVVdOM2pYaGw1V3U5M3poeVVwRmppWTdxYXBUNkp5UjdudmV3MFl1LUdhVEtDSkhOZ1pPSGxEVzBsU3FHMXpqM0E2MXNxN3hwMnhtWGNkX2R3TTBqbE1SU05Pc2hzS3NUSFVScjdQNUY0QUdaS1N0SDNiVDhjSHFseDUwVmZxQ3FnZ3FTMDZTVHZRU2U2aXJzSE9CMTQxNmh4bmlXN0QxNFFsQg?oc=5\" target=\"_blank\" rel=\"nofollow noopener\">ORF-Haushaltsabgabe: Droht \u00d6sterreichern ab 2027 eine Erh\u00f6hung?<\/a>&nbsp;&nbsp;nachrichten.at<\/p>\n","protected":false},"excerpt":{"rendered":"K\u00fcniglberg : Kommt eine h\u00f6here ORF-Haushaltsabgabe?&nbsp;&nbsp;Kleine ZeitungRundfunkrechtler: ORF m\u00fcsste h\u00f6heren ORF-Beitrag beantragen&nbsp;&nbsp;Der StandardHafenecker: \u201eORF-Zwangssteuer abschaffen statt Erh\u00f6hungspl\u00e4ne w\u00e4lzen!\u201c&nbsp;&nbsp;fpoe.atBudgetloch&hellip;\n","protected":false},"author":2,"featured_media":307119,"comment_status":"","ping_status":"","sticky":false,"template":"","format":"standard","meta":{"footnotes":"","_share_on_mastodon":"0"},"categories":[6],"tags":[46,42,33159,60942,17920,996,13946,44,43,45,42071],"class_list":["post-307118","post","type-post","status-publish","format-standard","has-post-thumbnail","category-oesterreich","tag-at","tag-austria","tag-clemens-pig","tag-haushaltsabgabe","tag-ingrid-thurnher","tag-orf","tag-orf-haushaltsabgabe","tag-oesterreich","tag-republic-of-austria","tag-republik-oesterreich","tag-stiftungsrat"],"share_on_mastodon":{"url":"https:\/\/pubeurope.com\/@at\/117017342395473027","error":""},"_links":{"self":[{"href":"https:\/\/www.europesays.com\/at\/wp-json\/wp\/v2\/posts\/307118","targetHints":{"allow":["GET"]}}],"collection":[{"href":"https:\/\/www.europesays.com\/at\/wp-json\/wp\/v2\/posts"}],"about":[{"href":"https:\/\/www.europesays.com\/at\/wp-json\/wp\/v2\/types\/post"}],"author":[{"embeddable":true,"href":"https:\/\/www.europesays.com\/at\/wp-json\/wp\/v2\/users\/2"}],"replies":[{"embeddable":true,"href":"https:\/\/www.europesays.com\/at\/wp-json\/wp\/v2\/comments?post=307118"}],"version-history":[{"count":0,"href":"https:\/\/www.europesays.com\/at\/wp-json\/wp\/v2\/posts\/307118\/revisions"}],"wp:featuredmedia":[{"embeddable":true,"href":"https:\/\/www.europesays.com\/at\/wp-json\/wp\/v2\/media\/307119"}],"wp:attachment":[{"href":"https:\/\/www.europesays.com\/at\/wp-json\/wp\/v2\/media?parent=307118"}],"wp:term":[{"taxonomy":"category","embeddable":true,"href":"https:\/\/www.europesays.com\/at\/wp-json\/wp\/v2\/categories?post=307118"},{"taxonomy":"post_tag","embeddable":true,"href":"https:\/\/www.europesays.com\/at\/wp-json\/wp\/v2\/tags?post=307118"}],"curies":[{"name":"wp","href":"https:\/\/api.w.org\/{rel}","templated":true}]}}