{"id":308188,"date":"2026-08-01T13:49:11","date_gmt":"2026-08-01T13:49:11","guid":{"rendered":"https:\/\/www.europesays.com\/at\/308188\/"},"modified":"2026-08-01T13:49:11","modified_gmt":"2026-08-01T13:49:11","slug":"krone-kommentar-krisenabschluss-bei-der-herbstlohnrunde-kronen-zeitung","status":"publish","type":"post","link":"https:\/\/www.europesays.com\/at\/308188\/","title":{"rendered":"\u201eKrone\u201c-Kommentar &#8211; Krisenabschluss bei der Herbstlohnrunde? &#8211; Kronen Zeitung"},"content":{"rendered":"<p><a href=\"https:\/\/news.google.com\/rss\/articles\/CBMiQkFVX3lxTE9sTnhTbkdmZFVOcURUUlM2a29ySllhdk5Qek11SmJ2d1p0TUMxbFpWMUFydFNZTmlaY2dFcTl1Sk9uZw?oc=5\" target=\"_blank\" rel=\"nofollow noopener\">\u201eKrone\u201c-Kommentar &#8211; Krisenabschluss bei der Herbstlohnrunde?<\/a>&nbsp;&nbsp;Kronen Zeitung<a href=\"https:\/\/news.google.com\/rss\/articles\/CBMipwFBVV95cUxNalFrNmJNSXdsalVSekN3dGlHQWUwcnVhTklMS2otMmZGbWpmODFqcktlbldlWHlSVWRPbzA0U1NmRzJlN09zcFBxNGtoclRscVBQY0NTblVjLUV2dTgxM2lielp3ekR1QW8wY0pVRzJfSE1aR3M2ZTVZeEZUWGN3QWwyeXp2N1ZNLTZSYm5HZUp3VFdYTUs3ZHVQckVpanU0NE1Cc1ZuSQ?oc=5\" target=\"_blank\" rel=\"nofollow noopener\">Verlierer-Ampel macht \u00d6sterreich zum Industrie-Museum<\/a>&nbsp;&nbsp;FP\u00d6<a href=\"https:\/\/news.google.com\/rss\/articles\/CBMidEFVX3lxTE9Pcm4wRi1femxIblVZeFlETjhBYlQ4QlBQVGhBX044UWVwdTZRVThwNmcweFB4Nnd0QXZheUFqMzVKVjNFWEhxU09XX1VZd0Q0S3NOLXhTQVI1cWNWSTgtNWZCbEwzLU1WdDl6c2J6TUl6dmQ2?oc=5\" target=\"_blank\" rel=\"nofollow noopener\">Watchlist: Industrie im Gegenwind, Banken auf Flugh\u00f6he<\/a>&nbsp;&nbsp;boersianer.at<a href=\"https:\/\/news.google.com\/rss\/articles\/CBMilgFBVV95cUxNM0JSdUdkbzNEajZHYXBnbTQ0ckxHTUlyZHdWOHZvUl9reWxpdGJWc0haOUE0SVQzWUZ2RTM0OG9tay1oakI5akhtZmFmYTRfSFpJSmpoaWtodDU3VS1rYUhNeXluTi1tRFNWWWlVVGVBcFJOSnNYM1hpUldDSzJBVWxlZUE4anZ1X0VpOWg5am02WTNKVnc?oc=5\" target=\"_blank\" rel=\"nofollow noopener\">Industrie in der Krise: Weitere 6.000 Jobs stehen auf der Kippe<\/a>&nbsp;&nbsp;exxpress<a href=\"https:\/\/news.google.com\/rss\/articles\/CBMiQkFVX3lxTE11eHZtT3M1R0RhZHNNdzd0XzN1UDM0ODlfRGlrUGpJZ1M5ckVmRXc2QWh4cmFXTm9qay15TmpFekN2UQ?oc=5\" target=\"_blank\" rel=\"nofollow noopener\">Betriebe kappen Kosten &#8211; Heimische Industrie streicht weitere 6000 Jobs<\/a>&nbsp;&nbsp;Kronen Zeitung<\/p>\n","protected":false},"excerpt":{"rendered":"\u201eKrone\u201c-Kommentar &#8211; Krisenabschluss bei der Herbstlohnrunde?&nbsp;&nbsp;Kronen ZeitungVerlierer-Ampel macht \u00d6sterreich zum Industrie-Museum&nbsp;&nbsp;FP\u00d6Watchlist: Industrie im Gegenwind, Banken auf Flugh\u00f6he&nbsp;&nbsp;boersianer.atIndustrie in&hellip;\n","protected":false},"author":2,"featured_media":308189,"comment_status":"","ping_status":"","sticky":false,"template":"","format":"standard","meta":{"footnotes":"","_share_on_mastodon":"0"},"categories":[14],"tags":[46,42,95,80512,90,89,80513,9290,91,94,44,93,92],"class_list":["post-308188","post","type-post","status-publish","format-standard","has-post-thumbnail","category-unternehmen-maerkte","tag-at","tag-austria","tag-business","tag-christian-helmenstein","tag-companies","tag-companies-markets","tag-helmenstein","tag-kapsch-trafficcom","tag-markets","tag-maerkte","tag-oesterreich","tag-unternehmen","tag-unternehmen-maerkte"],"share_on_mastodon":{"url":"https:\/\/pubeurope.com\/@at\/117020574663800371","error":""},"_links":{"self":[{"href":"https:\/\/www.europesays.com\/at\/wp-json\/wp\/v2\/posts\/308188","targetHints":{"allow":["GET"]}}],"collection":[{"href":"https:\/\/www.europesays.com\/at\/wp-json\/wp\/v2\/posts"}],"about":[{"href":"https:\/\/www.europesays.com\/at\/wp-json\/wp\/v2\/types\/post"}],"author":[{"embeddable":true,"href":"https:\/\/www.europesays.com\/at\/wp-json\/wp\/v2\/users\/2"}],"replies":[{"embeddable":true,"href":"https:\/\/www.europesays.com\/at\/wp-json\/wp\/v2\/comments?post=308188"}],"version-history":[{"count":0,"href":"https:\/\/www.europesays.com\/at\/wp-json\/wp\/v2\/posts\/308188\/revisions"}],"wp:featuredmedia":[{"embeddable":true,"href":"https:\/\/www.europesays.com\/at\/wp-json\/wp\/v2\/media\/308189"}],"wp:attachment":[{"href":"https:\/\/www.europesays.com\/at\/wp-json\/wp\/v2\/media?parent=308188"}],"wp:term":[{"taxonomy":"category","embeddable":true,"href":"https:\/\/www.europesays.com\/at\/wp-json\/wp\/v2\/categories?post=308188"},{"taxonomy":"post_tag","embeddable":true,"href":"https:\/\/www.europesays.com\/at\/wp-json\/wp\/v2\/tags?post=308188"}],"curies":[{"name":"wp","href":"https:\/\/api.w.org\/{rel}","templated":true}]}}