{"id":311862,"date":"2026-08-03T14:34:12","date_gmt":"2026-08-03T14:34:12","guid":{"rendered":"https:\/\/www.europesays.com\/at\/311862\/"},"modified":"2026-08-03T14:34:12","modified_gmt":"2026-08-03T14:34:12","slug":"kristin-krammer-wechselt-leihweise-zum-malmoe-ff","status":"publish","type":"post","link":"https:\/\/www.europesays.com\/at\/311862\/","title":{"rendered":"Kristin Krammer wechselt leihweise zum Malm\u00f6 FF"},"content":{"rendered":"<p>Die 24-J\u00e4hrige wechselte im Winter nach Graz und absolvierte seither zehn Pflichtspiele f\u00fcr die Schwarz-Wei\u00dfen. Mit der Leihe bis zum Winter soll Krammer wichtige Spielminuten sammeln und ihre sportliche Entwicklung weiter vorantreiben.<\/p>\n<p>Sportdirektor Frauenfu\u00dfball Michael Erlitz: \u201eDie Leihe nach Malm\u00f6 bietet Kristin bis zum Winter die M\u00f6glichkeit, regelm\u00e4\u00dfig wichtige Spielminuten zu sammeln und sich auf hohem Niveau weiterzuentwickeln. Besonders die Chance, auch internationale Erfahrungen zu sammeln, ist f\u00fcr ihre weitere Entwicklung sehr wertvoll. Wir werden ihren Weg in den kommenden Monaten genau verfolgen.\u201c<\/p>\n","protected":false},"excerpt":{"rendered":"Die 24-J\u00e4hrige wechselte im Winter nach Graz und absolvierte seither zehn Pflichtspiele f\u00fcr die Schwarz-Wei\u00dfen. Mit der Leihe&hellip;\n","protected":false},"author":2,"featured_media":311863,"comment_status":"","ping_status":"","sticky":false,"template":"","format":"standard","meta":{"footnotes":"","_share_on_mastodon":"0"},"categories":[18],"tags":[46,42,74162,3462,81327,81326,81328,44,8976,109,108,214,71732,81325,2138],"class_list":["post-311862","post","type-post","status-publish","format-standard","has-post-thumbnail","category-sport","tag-at","tag-austria","tag-erstligisten","tag-frauen","tag-krammer","tag-kristin","tag-malm","tag-oesterreich","tag-schwedischen","tag-sport","tag-sports","tag-sturm","tag-torhueterin","tag-verleihen","tag-winter"],"share_on_mastodon":{"url":"https:\/\/pubeurope.com\/@at\/117032076338171488","error":""},"_links":{"self":[{"href":"https:\/\/www.europesays.com\/at\/wp-json\/wp\/v2\/posts\/311862","targetHints":{"allow":["GET"]}}],"collection":[{"href":"https:\/\/www.europesays.com\/at\/wp-json\/wp\/v2\/posts"}],"about":[{"href":"https:\/\/www.europesays.com\/at\/wp-json\/wp\/v2\/types\/post"}],"author":[{"embeddable":true,"href":"https:\/\/www.europesays.com\/at\/wp-json\/wp\/v2\/users\/2"}],"replies":[{"embeddable":true,"href":"https:\/\/www.europesays.com\/at\/wp-json\/wp\/v2\/comments?post=311862"}],"version-history":[{"count":0,"href":"https:\/\/www.europesays.com\/at\/wp-json\/wp\/v2\/posts\/311862\/revisions"}],"wp:featuredmedia":[{"embeddable":true,"href":"https:\/\/www.europesays.com\/at\/wp-json\/wp\/v2\/media\/311863"}],"wp:attachment":[{"href":"https:\/\/www.europesays.com\/at\/wp-json\/wp\/v2\/media?parent=311862"}],"wp:term":[{"taxonomy":"category","embeddable":true,"href":"https:\/\/www.europesays.com\/at\/wp-json\/wp\/v2\/categories?post=311862"},{"taxonomy":"post_tag","embeddable":true,"href":"https:\/\/www.europesays.com\/at\/wp-json\/wp\/v2\/tags?post=311862"}],"curies":[{"name":"wp","href":"https:\/\/api.w.org\/{rel}","templated":true}]}}