{"id":314627,"date":"2026-08-04T20:42:12","date_gmt":"2026-08-04T20:42:12","guid":{"rendered":"https:\/\/www.europesays.com\/at\/314627\/"},"modified":"2026-08-04T20:42:12","modified_gmt":"2026-08-04T20:42:12","slug":"rtl-zieht-naechstem-magazin-den-stecker","status":"publish","type":"post","link":"https:\/\/www.europesays.com\/at\/314627\/","title":{"rendered":"RTL zieht n\u00e4chstem Magazin den Stecker"},"content":{"rendered":"<p>            <img decoding=\"async\" fetchpriority=\"high\" width=\"696\" height=\"400\" class=\"entry-thumb\" src=\"https:\/\/www.europesays.com\/at\/wp-content\/uploads\/2026\/08\/df-stern-tv-am-sonntag-696x400.jpg\" alt=\"Logo Stern TV am Sonntag\" title=\"df-stern-tv-am-sonntag\"\/>\u00a9 RTL<\/p>\n<p><a href=\"https:\/\/www.digitalfernsehen.de\/thema\/rtl\/\" class=\"av-highlight\" title=\"Mehr Aritkel zum Thema RTL\" rel=\"nofollow noopener\" target=\"_blank\">RTL<\/a> setzt den Umbau seines Magazin- und News-Portfolios konsequent fort \u2013 jetzt ist ein Sonntags-Magazin betroffen. Alle Pl\u00e4ne.<\/p>\n<p>RTL wirft das n\u00e4chste regelm\u00e4\u00dfige Magazin aus seinem Programm. Im September wird die letzte Ausgabe von \u201estern TV am Sonntag\u201c laufen. Die Abschiedsshow l\u00e4uft am 6. September. Eine Woche sp\u00e4ter \u00fcbernimmt dann wieder Football den Sonntag. 2027 soll \u201estern TV am Sonntag\u201c, anders als bisher, aber nicht mehr zur\u00fcckkommen. Das best\u00e4tigte RTL am Dienstag gegen\u00fcber turi2.<\/p>\n<p>Das erwartet dich in diesem Artikel:<\/p>\n<p>Das Aus f\u00fcr \u201estern TV am Sonntag\u201c: Warum die Sonntagsausgabe gestrichen wird.<\/p>\n<p>Der gro\u00dfe RTL-Kahlschlag: Der Zusammenhang mit den \u201ePunkt\u201c-Formaten, \u201eGala\u201c und VOX-\u201eProminent\u201c.<\/p>\n<p>Die Quoten: So entwickelte sich die Reichweite des Sonntagsmagazins.<\/p>\n<p>RTL Deutschland hat sich 2026 schon von mehreren Magazin-Formaten getrennt \u2013 beim Konzern findet eine Fokussierung auf Streaming statt; und im Stream funktionieren Magazin-Formate nicht ganz so gut.<\/p>\n<p>SendungSenderStatusAlternative \/ Nachfolgestern TV am SonntagRTLLetzte Sendung am 6. SeptemberNFL-\u00dcbertragungen; neue Formate mit Produktionsfirma i&amp;uPunkt 6 \/ 7 \/ 8RTLEingestellt (Fr\u00fchjahr)Neues gemeinsames Morgenprogramm mit ntvGalaRTLEingestelltB\u00fcndelung aller VIP-Themen bei ExclusivProminent<a href=\"https:\/\/www.digitalfernsehen.de\/thema\/vox\/\" class=\"av-highlight\" title=\"Mehr Aritkel zum Thema Vox\" rel=\"nofollow noopener\" target=\"_blank\">Vox<\/a>EingestelltB\u00fcndelung aller VIP-Themen bei Exclusiv (RTL)<\/p>\n<p>\u201estern TV am Sonntag\u201c: Schwache Quoten besiegeln das Schicksal<\/p>\n<p>Ein Grund f\u00fcr das Aus d\u00fcrften auch die \u00fcberschaubaren Einschaltquoten auf dem Sendeplatz am sp\u00e4teren Sonntagabend sein. Im Jahr 2026 erreichte die Sonntagsausgabe von \u201estern TV\u201c im Schnitt lediglich 0,67 Millionen Zuschauerinnen und Zuschauer ab drei Jahren, was einem Marktanteil von 7,7 Prozent in der zielgruppenrelevanten Altersspanne der 14- bis 49-J\u00e4hrigen entsprach.<\/p>\n<p>W\u00e4hrend das Sonntags-\u201estern TV\u201c also weichen muss, soll die Mittwochs-Ausgabe, also \u201estern TV\u201c, unber\u00fchrt bleiben.<\/p>\n<p>Konsequenter Kahlschlag: Der Zusammenhang mit \u201ePunkt 6\/7\/8\u201c, \u201eGala\u201c und \u201eProminent\u201c<\/p>\n<p>Das Ende von \u201estern TV am Sonntag\u201c ist kein Einzelfall, sondern f\u00fcgt sich direkt in die gr\u00f6\u00dfte Restrukturierung in der Geschichte von RTL News ein:<\/p>\n<p>Morgenmagazine gestrichen: Im Fr\u00fchjahr wurden die bisherigen Fr\u00fchmagazine \u201ePunkt 6\u201c, \u201ePunkt 7\u201c und \u201ePunkt 8\u201c eingestellt. RTL setzt stattdessen auf ein neu entwickeltes, gemeinsames Morgenprogramm mit dem Nachrichtensender ntv.<\/p>\n<p>Ende der Promi-Magazine: Auch das RTL-Magazin \u201eGala\u201c sowie das langj\u00e4hrige Vox-Format \u201eProminent\u201c wurden gestrichen. S\u00e4mtliche Star- und Lifestyle-Inhalte b\u00fcndelt der Konzern nun zentral unter der Marke \u201eExclusiv\u201c, unter anderem pr\u00e4sentiert von Frauke Ludowig.<\/p>\n<p>Fokus auf Kernmarken: Der R\u00fcckzug erfolgt auch, um Ressourcen f\u00fcr die Haupt-News, investigative Formate (\u201eTeam Wallraff\u201c etc.) und digitale Angebote zu konzentrieren.<\/p>\n<p>H\u00e4ufige Fragen zur Zukunft von \u201estern TV\u201c<\/p>\n<p>Wann l\u00e4uft die letzte Folge von \u201estern TV am Sonntag\u201c?<\/p>\n<p>Die letzte Ausgabe wird am 6. September ausgestrahlt, direkt vor dem Start der neuen NFL-Saison.<\/p>\n<p>Wird \u201estern TV\u201c am Mittwoch ebenfalls eingestellt?<\/p>\n<p>Nein, die regul\u00e4re Mittwochausgabe mit Steffen Hallaschka l\u00e4uft unver\u00e4ndert weiter.<\/p>\n<p>Au\u00dferdem interessant:<\/p>\n<p class=\"isc_image_list_title\">Bildquelle:<\/p>\n<p>\t\tdf-stern-tv-am-sonntag: RTL\t\t<\/p>\n","protected":false},"excerpt":{"rendered":"\u00a9 RTL RTL setzt den Umbau seines Magazin- und News-Portfolios konsequent fort \u2013 jetzt ist ein Sonntags-Magazin betroffen.&hellip;\n","protected":false},"author":2,"featured_media":314628,"comment_status":"","ping_status":"","sticky":false,"template":"","format":"standard","meta":{"footnotes":"","_share_on_mastodon":"0"},"categories":[25],"tags":[46,42,147,44,281,156,155,81821,148],"class_list":["post-314627","post","type-post","status-publish","format-standard","has-post-thumbnail","category-serien","tag-at","tag-austria","tag-entertainment","tag-oesterreich","tag-rtl","tag-serien","tag-series","tag-stern-tv","tag-unterhaltung"],"share_on_mastodon":{"url":"https:\/\/pubeurope.com\/@at\/117039185877698152","error":""},"_links":{"self":[{"href":"https:\/\/www.europesays.com\/at\/wp-json\/wp\/v2\/posts\/314627","targetHints":{"allow":["GET"]}}],"collection":[{"href":"https:\/\/www.europesays.com\/at\/wp-json\/wp\/v2\/posts"}],"about":[{"href":"https:\/\/www.europesays.com\/at\/wp-json\/wp\/v2\/types\/post"}],"author":[{"embeddable":true,"href":"https:\/\/www.europesays.com\/at\/wp-json\/wp\/v2\/users\/2"}],"replies":[{"embeddable":true,"href":"https:\/\/www.europesays.com\/at\/wp-json\/wp\/v2\/comments?post=314627"}],"version-history":[{"count":0,"href":"https:\/\/www.europesays.com\/at\/wp-json\/wp\/v2\/posts\/314627\/revisions"}],"wp:featuredmedia":[{"embeddable":true,"href":"https:\/\/www.europesays.com\/at\/wp-json\/wp\/v2\/media\/314628"}],"wp:attachment":[{"href":"https:\/\/www.europesays.com\/at\/wp-json\/wp\/v2\/media?parent=314627"}],"wp:term":[{"taxonomy":"category","embeddable":true,"href":"https:\/\/www.europesays.com\/at\/wp-json\/wp\/v2\/categories?post=314627"},{"taxonomy":"post_tag","embeddable":true,"href":"https:\/\/www.europesays.com\/at\/wp-json\/wp\/v2\/tags?post=314627"}],"curies":[{"name":"wp","href":"https:\/\/api.w.org\/{rel}","templated":true}]}}