{"id":316708,"date":"2026-08-05T19:23:13","date_gmt":"2026-08-05T19:23:13","guid":{"rendered":"https:\/\/www.europesays.com\/at\/316708\/"},"modified":"2026-08-05T19:23:13","modified_gmt":"2026-08-05T19:23:13","slug":"prosiebensat-1-importiert-werbeformat-aus-mfe-laendern","status":"publish","type":"post","link":"https:\/\/www.europesays.com\/at\/316708\/","title":{"rendered":"ProSiebenSat.1 importiert Werbeformat aus MFE-L\u00e4ndern"},"content":{"rendered":"<p>            <img decoding=\"async\" fetchpriority=\"high\" width=\"696\" height=\"400\" class=\"entry-thumb\" src=\"https:\/\/www.europesays.com\/at\/wp-content\/uploads\/2026\/08\/ProSiebenSat1-Gebaeude-3-696x400.jpg\" alt=\"ProSiebenSat.1 Geb\u00e4ude; \u00a9 ProSiebenSat.1\" title=\"ProSiebenSat1-Gebaeude-3\"\/>\u00a9 ProSiebenSat.1<\/p>\n<p>K\u00fcnftig gibt es donnerstags um 21 Uhr ein neuartiges Werbeformat \u2013 der deutsche Markt soll es zun\u00e4chst gut angenommen haben.<\/p>\n<p>Der Vermarkter Seven.One Media bringt am Donnerstag, den 6. August 2026, ein neuartiges Werbeformat nach Deutschland. Unter dem Namen \u201eALL21 Roadblocking\u201c laufen k\u00fcnftig um 21:00 Uhr auf allen Sendern der ProSiebenSat.1-Gruppe exakt dieselben Werbespots synchronisiert.<\/p>\n<p>Das erwartet dich in diesem Artikel:<\/p>\n<p>Das Werbekonzept: Wie ALL21 Roadblocking funktioniert und welche Sender beteiligt sind.<\/p>\n<p>Die Partner der Premiere: REWE und PION3ERS sichern sich den ersten Termin.<\/p>\n<p>Der internationale Hintergrund: Welches europ\u00e4ische Vorbild hinter dem Format steckt.<\/p>\n<p>FAQ: Die wichtigsten Fragen zur neuen Werbeinsel auf einen Blick.<\/p>\n<p>B\u00fcndelung aller Sender: So funktioniert das Format<\/p>\n<p>Mit dem \u201eALL21 Roadblocking\u201c b\u00fcndelt Seven.One Media die Gesamtreichweite der Sendergruppe zur besten Sendezeit. Um genau 21:00 Uhr wird das laufende Programm auf den Haupt- und Spartensendern kurz unterbrochen, um die exakt identischen Werbespots zu zeigen. Beteiligt sind alle Free-TV-Sender der Mediengruppe. Wer zu diesem Zeitpunkt den Kanal wechselt, sieht allen Kan\u00e4len denselben Inhalt.<\/p>\n<p>Markus Messerer, Managing Director und Chief Operating Officer bei Seven.One Media, hebt die Vorteile hervor: \u201eALL21 Roadblocking kombiniert die gr\u00f6\u00dften St\u00e4rken unseres Vermarktungsangebots: Maximale Reichweite \u00fcber all unsere Sender hinweg, eine hohe Umfeld-Qualit\u00e4t zur Primetime und die besonders hohe Wirkung von aufmerksamkeitsstarken Exklusiv-Platzierungen.\u201c<\/p>\n<p>Importierte Synergie von MediaForEurope (MFE)<\/p>\n<p>Das Format ist f\u00fcr den deutschen Markt zwar neu, entstammt aber der engen Zusammenarbeit innerhalb des Mutterkonzerns MediaForEurope (MFE). In Italien und Spanien kommt diese Form des geb\u00fcndelten Roadblockings bereits seit L\u00e4ngerem zum Einsatz und geh\u00f6rt dort offenbar zu den begehrtesten Angeboten f\u00fcr Werbekunden.<\/p>\n<p>Mit der Zusage von REWE und der betreuenden Agentur PION3ERS feiert die Vermarktungsidee nun ihren Einstand in Deutschland und wird ab sofort jeden Donnerstag um 21:00 Uhr fest im Programm verankert.<\/p>\n<p>Die wichtigsten Fakten zum neuen Format auf einen Blick:<\/p>\n<p>Geb\u00fcndelte Reichweite: Durch die zeitgleiche Ausstrahlung auf allen sieben Free-TV-Sendern der Gruppe wird das Ausweichen beim Zappen in diesem Zeitfenster verhindert.<\/p>\n<p>Exklusive Platzierung: Die Sonderwerbeinsel ist auf maximal 60 Sekunden begrenzt und fasst h\u00f6chstens drei einzelne Werbespots.<\/p>\n<p>Erfolgreiches MFE-Importmodell: Das Konzept stammt vom italienischen Medienkonzern MediaForEurope (MFE), wo es in Italien und Spanien bereits eine hohe Nachfrage verzeichnet.<\/p>\n<p>FAQ: H\u00e4ufige Fragen zu ALL21 Roadblocking<\/p>\n<p>Auf welchen Sendern l\u00e4uft die synchrone Werbung?<\/p>\n<p>Das Format kommt auf ProSieben, <a href=\"https:\/\/www.digitalfernsehen.de\/thema\/sat-1\/\" class=\"av-highlight\" title=\"Mehr Aritkel zum Thema Sat.1\" rel=\"nofollow noopener\" target=\"_blank\">Sat.1<\/a>, Kabel Eins, sixx, Sat.1 Gold, Kabel Eins Doku und ProSieben MAXX gleichzeitig zum Einsatz.<\/p>\n<p>Wie lange dauert der synchrone Werbeblock?<\/p>\n<p>Die Werbeinsel ist auf exakt 60 Sekunden begrenzt und beinhaltet maximal drei Werbespots.<\/p>\n<p>Wann ist das Werbeformat im TV zu sehen?<\/p>\n<p>ALL21 Roadblocking l\u00e4uft ab dem 6. August 2026 regelm\u00e4\u00dfig donnerstags um exakt 21:00 Uhr.<\/p>\n<p>Au\u00dferdem interessant:<\/p>\n<p class=\"isc_image_list_title\">Bildquelle:<\/p>\n<p>\t\tProSiebenSat1-Gebaeude-3: \u00a9 ProSiebenSat.1\t\t<\/p>\n","protected":false},"excerpt":{"rendered":"\u00a9 ProSiebenSat.1 K\u00fcnftig gibt es donnerstags um 21 Uhr ein neuartiges Werbeformat \u2013 der deutsche Markt soll es&hellip;\n","protected":false},"author":2,"featured_media":316709,"comment_status":"","ping_status":"","sticky":false,"template":"","format":"standard","meta":{"footnotes":"","_share_on_mastodon":"0"},"categories":[25],"tags":[46,42,147,44,3697,156,155,148],"class_list":["post-316708","post","type-post","status-publish","format-standard","has-post-thumbnail","category-serien","tag-at","tag-austria","tag-entertainment","tag-oesterreich","tag-prosiebensat-1","tag-serien","tag-series","tag-unterhaltung"],"share_on_mastodon":{"url":"https:\/\/pubeurope.com\/@at\/117044537697177351","error":""},"_links":{"self":[{"href":"https:\/\/www.europesays.com\/at\/wp-json\/wp\/v2\/posts\/316708","targetHints":{"allow":["GET"]}}],"collection":[{"href":"https:\/\/www.europesays.com\/at\/wp-json\/wp\/v2\/posts"}],"about":[{"href":"https:\/\/www.europesays.com\/at\/wp-json\/wp\/v2\/types\/post"}],"author":[{"embeddable":true,"href":"https:\/\/www.europesays.com\/at\/wp-json\/wp\/v2\/users\/2"}],"replies":[{"embeddable":true,"href":"https:\/\/www.europesays.com\/at\/wp-json\/wp\/v2\/comments?post=316708"}],"version-history":[{"count":0,"href":"https:\/\/www.europesays.com\/at\/wp-json\/wp\/v2\/posts\/316708\/revisions"}],"wp:featuredmedia":[{"embeddable":true,"href":"https:\/\/www.europesays.com\/at\/wp-json\/wp\/v2\/media\/316709"}],"wp:attachment":[{"href":"https:\/\/www.europesays.com\/at\/wp-json\/wp\/v2\/media?parent=316708"}],"wp:term":[{"taxonomy":"category","embeddable":true,"href":"https:\/\/www.europesays.com\/at\/wp-json\/wp\/v2\/categories?post=316708"},{"taxonomy":"post_tag","embeddable":true,"href":"https:\/\/www.europesays.com\/at\/wp-json\/wp\/v2\/tags?post=316708"}],"curies":[{"name":"wp","href":"https:\/\/api.w.org\/{rel}","templated":true}]}}