{"id":32056,"date":"2026-03-08T05:24:24","date_gmt":"2026-03-08T05:24:24","guid":{"rendered":"https:\/\/www.europesays.com\/at\/32056\/"},"modified":"2026-03-08T05:24:24","modified_gmt":"2026-03-08T05:24:24","slug":"the-voice-kids-tiktok-star-katelyn-knackt-buzzer-rekord-unterhaltung","status":"publish","type":"post","link":"https:\/\/www.europesays.com\/at\/32056\/","title":{"rendered":"\u201eThe Voice Kids\u201c: TikTok-Star Katelyn knackt Buzzer-Rekord | Unterhaltung"},"content":{"rendered":"<p><a class=\"skip-content skip-content--link\" href=\"#in-content-skip-link-target-v-0-0\">TTS-Player \u00fcberspringen\u21b5<\/a><a id=\"in-content-skip-link-target-v-0-0\" class=\"skip-content--target-link-hidden skip-content skip-content--target-link\" href=\"#in-content-skip-link-target-v-0-0\">Artikel weiterlesen<\/a><\/p>\n<p>Berlin \u2013 Eine junge Irin mischte am Samstagabend \u201eThe Voice Kids\u201c auf. Bei den vierten Blind Auditions r\u00e4umte Katelyn (12) aus Dublin beinahe im Handumdrehen alle vier Buzzer ab. Der erste ert\u00f6nte sogar schon nach sensationellen zwei Sekunden. Staffel-Rekord! Was die Coaches zu diesem Zeitpunkt noch nicht wussten: Auf TikTok ist das Stimmwunder l\u00e4ngst ein Star.<\/p>\n<p>Gemeinsam mit ihrer Schwester Kerry-Ann l\u00e4dt Katelyn dort seit 2023 regelm\u00e4\u00dfig Gesangsvideos hoch. Als \u201eKK-Sisters\u201c begeistert das Duo inzwischen Millionen. Jetzt will die 12-J\u00e4hrige auch in Deutschland durchstarten. F\u00fcr <a href=\"https:\/\/www.bild.de\/unterhaltung\/tv\/the-voice\/the-voice-of-germany-alle-infos-76680822.bild.html\" class=\"text-link\" rel=\"nofollow noopener\" target=\"_blank\">\u201eThe Voice Kids\u201c<\/a> hat sie sich die Ballade \u201eNever Enough\u201c von US-S\u00e4ngerin Loren Allred (36) ausgesucht. Katelyn vor ihrem gro\u00dfen Auftritt: \u201eDas ist mein Lieblingssong. Und ich bin bereit f\u00fcr die B\u00fchne.\u201c <\/p>\n<p><img decoding=\"async\" width=\"992\" height=\"1178\" alt=\"Auf TikTok ist Katelyn schon ein kleiner Star\" src=\"https:\/\/www.europesays.com\/at\/wp-content\/uploads\/2026\/03\/0916a4dbe40d31312fb693cb38fbdade,1c94714f.jpeg\"   class=\"portrait\" loading=\"lazy\"\/><\/p>\n<p class=\"fig__caption__text\">Auf TikTok ist Katelyn schon ein kleiner Star<\/p>\n<p>Foto: Joyn\/Richard H\u00fcbner<\/p>\n<p>Katelyn ist Fan von Michael Patrick Kelly<\/p>\n<p>Einen Favoriten unter den Coaches hat die Sch\u00fclerin schon. Es ist ihr Landsmann <a href=\"https:\/\/www.bild.de\/unterhaltung\/tv-fernsehformate\/sing-meinen-song-michael-patrick-kelly-klaute-blumen-fuer-mama-680fe03e3e4aff02aa6c81e1\" class=\"text-link\" rel=\"nofollow noopener\" target=\"_blank\">Michael Patrick Kelly<\/a> (48). Katelyn: \u201eIch liebe seine Musik wirklich sehr, und er kommt aus Irland, so wie ich.\u201c<\/p>\n<p>Was dann passiert, h\u00e4tte sie wahrscheinlich nicht mal zu tr\u00e4umen gewagt. Schon nach zwei Sekunden dreht sich Kelly um. Kurz darauf buzzern auch die anderen Coaches. S\u00e4ngerin Leony (28) ist von Katelyns Stimme so ger\u00fchrt, dass bei ihr die Tr\u00e4nen kullern. Michael Patrick Kelly \u00fcber seine Blitz-Entscheidung: \u201eIch habe die erste Zeile geh\u00f6rt und gedacht: Sie brauche ich zu 100 Prozent.\u201c Dass die junge K\u00fcnstlerin wie er aus Irland kommt, h\u00e4lt der Musiker f\u00fcr ein Zeichen. <\/p>\n<p><img decoding=\"async\" width=\"992\" height=\"558\" alt=\"\u00c1lvaro Soler (35), Heiko und Roman Lochmann (26), Leony (28) und Michael Patrick Kelly (48) sind begeistert von Katelyn, doch f\u00fcr das Talent stand ihre Wahl schon von Anfang an fest\" src=\"https:\/\/www.europesays.com\/at\/wp-content\/uploads\/2026\/03\/22bd310917f00811a2edd13dded4b75f,aba92c3c.jpeg\"   class=\"landscape\" loading=\"lazy\"\/><\/p>\n<p class=\"fig__caption__text\">\u00c1lvaro Soler (35), Heiko und Roman Lochmann (26), Leony (28) und Michael Patrick Kelly (48) sind begeistert von Katelyn, doch f\u00fcr das Talent stand ihre Wahl schon von Anfang an fest<\/p>\n<p>Foto: Joyn\/Richard H\u00fcbner<\/p>\n<p>Stars buhlen um \u201eThe Voice Kids\u201c-Talent <\/p>\n<p>Neben ihm buhlt gleichzeitig <a href=\"https:\/\/www.bild.de\/unterhaltung\/leute\/leute\/the-masked-singer-2023-saenger-lvaro-soler-sitzt-im-rate-team-86096008.bild.html\" class=\"text-link\" rel=\"nofollow noopener\" target=\"_blank\">\u00c1lvaro Soler <\/a>(35) um Katelyns Gunst: \u201eIch brauche jemanden wie dich in meinem Team. Wirklich!\u201c Und Leony total geflasht: \u201eDie hohen T\u00f6ne in deiner Stimme&#8230; Ich verstehe nicht, wie du das machst.\u201c <\/p>\n<p>Mehr zum Thema<\/p>\n<p>Als Katelyn dann von ihren Erfolgen auf TikTok berichtet, staunen die Coaches noch mehr. Leony und Paddy Kelly singen anschlie\u00dfend sogar f\u00fcr die 12-J\u00e4hrige, um sie in ihr Team zu locken. Aber Katelyn hatte sich ja bereits vor ihrem Auftritt festgelegt und bleibt auch dabei. Am Ende geht sie zu Michael Patrick Kelly. Der Musiker jubelt: \u201eDas ist unglaublich! Das ist so toll!\u201c<\/p>\n","protected":false},"excerpt":{"rendered":"TTS-Player \u00fcberspringen\u21b5Artikel weiterlesen Berlin \u2013 Eine junge Irin mischte am Samstagabend \u201eThe Voice Kids\u201c auf. Bei den vierten&hellip;\n","protected":false},"author":2,"featured_media":32057,"comment_status":"","ping_status":"","sticky":false,"template":"","format":"standard","meta":{"footnotes":"","_share_on_mastodon":"0"},"categories":[25],"tags":[46,42,14849,3224,147,44,156,155,14848,209,210,14269,9851,148],"class_list":["post-32056","post","type-post","status-publish","format-standard","has-post-thumbnail","category-serien","tag-at","tag-austria","tag-beck-michi","tag-castingshow","tag-entertainment","tag-oesterreich","tag-serien","tag-series","tag-smudo","tag-team-first","tag-texttospeech","tag-the-voice","tag-the-voice-kids","tag-unterhaltung"],"share_on_mastodon":{"url":"https:\/\/pubeurope.com\/@at\/116191891558022017","error":""},"_links":{"self":[{"href":"https:\/\/www.europesays.com\/at\/wp-json\/wp\/v2\/posts\/32056","targetHints":{"allow":["GET"]}}],"collection":[{"href":"https:\/\/www.europesays.com\/at\/wp-json\/wp\/v2\/posts"}],"about":[{"href":"https:\/\/www.europesays.com\/at\/wp-json\/wp\/v2\/types\/post"}],"author":[{"embeddable":true,"href":"https:\/\/www.europesays.com\/at\/wp-json\/wp\/v2\/users\/2"}],"replies":[{"embeddable":true,"href":"https:\/\/www.europesays.com\/at\/wp-json\/wp\/v2\/comments?post=32056"}],"version-history":[{"count":0,"href":"https:\/\/www.europesays.com\/at\/wp-json\/wp\/v2\/posts\/32056\/revisions"}],"wp:featuredmedia":[{"embeddable":true,"href":"https:\/\/www.europesays.com\/at\/wp-json\/wp\/v2\/media\/32057"}],"wp:attachment":[{"href":"https:\/\/www.europesays.com\/at\/wp-json\/wp\/v2\/media?parent=32056"}],"wp:term":[{"taxonomy":"category","embeddable":true,"href":"https:\/\/www.europesays.com\/at\/wp-json\/wp\/v2\/categories?post=32056"},{"taxonomy":"post_tag","embeddable":true,"href":"https:\/\/www.europesays.com\/at\/wp-json\/wp\/v2\/tags?post=32056"}],"curies":[{"name":"wp","href":"https:\/\/api.w.org\/{rel}","templated":true}]}}