{"id":320672,"date":"2026-08-07T17:10:12","date_gmt":"2026-08-07T17:10:12","guid":{"rendered":"https:\/\/www.europesays.com\/at\/320672\/"},"modified":"2026-08-07T17:10:12","modified_gmt":"2026-08-07T17:10:12","slug":"kaia-gerber-ueberrascht-erneut-mit-hobbygestaendnis","status":"publish","type":"post","link":"https:\/\/www.europesays.com\/at\/320672\/","title":{"rendered":"Kaia Gerber \u00fcberrascht erneut mit Hobbygest\u00e4ndnis"},"content":{"rendered":"<p>\n&#8222;Es macht so viel Spa\u00df&#8220;\n<\/p>\n<p>Aktualisiert am 07.08.2026, 16:04 Uhr\n<\/p>\n<p><a href=\"https:\/\/i0.gmx.at\/image\/206\/42589206,pd=1\/kaia-gerber-spielt-hauptrolle-the-shards.jpg\" data-brain-zone=\".42589204.content.lead.1\" data-component-path=\"content.lead.1\" data-component-name=\"article-image\" rel=\"nofollow noopener\" target=\"_blank\"> <\/p>\n<p><img loading=\"lazy\" decoding=\"async\" src=\"https:\/\/www.europesays.com\/at\/wp-content\/uploads\/2026\/08\/kaia-gerber-spielt-hauptrolle-the-shards.jpg\" alt=\"Kaia Gerber spielt eine der Hauptrolle in &quot;The Shards&quot;.\" width=\"950\" height=\"534\"\/><\/p>\n<p><\/a> <\/p>\n<p>\nKaia Gerber spielt eine der Hauptrolle in &#8222;The Shards&#8220;.<br \/>\n\u00a9\u00a0IMAGO\/AFF-USA\n<\/p>\n<p class=\"content__description\" data-speakable=\"\">Kaia Gerber gew\u00e4hrt \u00fcberraschende Einblicke in ein au\u00dfergew\u00f6hnliches Hobby: Sie schreibt Fanfiction. Ein kleines Detail hat sie immerhin verraten.<\/p>\n<p data-speakable=\"\">Model und Schauspielerin Kaia Gerber (24) schreibt Fanfiction &#8211; lesen darf es aber keiner. Das erz\u00e4hlte sie <a target=\"_blank\" data-brain-zone=\".42589204.content.textlink_1\" data-component-path=\"content.textlink_1\" data-component-name=\"link.external\" rel=\"noopener nofollow\" href=\"https:\/\/open.spotify.com\/episode\/7ln1YQgUB9dcur6EaieT71\">im Podcast &#8222;Therapuss&#8220;<\/a> von Jake Shane (26), einen Tag nach dem Start ihrer Serie &#8222;The Shards&#8220;. <\/p>\n<p data-speakable=\"\">&#8222;Es macht so viel Spa\u00df, etwas zu schreiben, auch wenn man es nirgendwo ver\u00f6ffentlicht&#8220;, sagte die Tochter von <a data-component-name=\"link.semantic\" data-brain-zone=\".42589204.content.textlink_2\" data-component-path=\"content.textlink_2\" href=\"https:\/\/www.gmx.at\/magazine\/unterhaltung\/thema\/cindy-crawford\" rel=\"nofollow noopener\" target=\"_blank\">Cindy Crawford<\/a> (60) und Rande Gerber (64). &#8222;Ich schreibe zum Beispiel Fanfiction und ver\u00f6ffentliche sie nirgendwo, ich habe einfach Spa\u00df daran.&#8220;<\/p>\n<p data-speakable=\"\">Worum es in ihren Geschichten geht, lie\u00df Gerber offen. Auf die Nachfrage schwieg sie zun\u00e4chst ganz. Dann gab sie doch ein Detail preis: &#8222;Es ist kein Mensch. Das war&#8217;s, n\u00e4chste Frage.&#8220;<\/p>\n<p>Gerber sprach schon einmal \u00fcber das Thema<\/p>\n<p data-speakable=\"\">Es war nicht das erste Mal, dass Gerber ihr Hobby erw\u00e4hnte. <a target=\"_blank\" data-brain-zone=\".42589204.content.textlink_3\" data-component-path=\"content.textlink_3\" data-component-name=\"link.external\" rel=\"noopener nofollow\" href=\"https:\/\/www.instagram.com\/vt\/reel\/DboX59KI2js\/\">In einem Instagram-Clip des britischen Portals &#8222;VT&#8220;<\/a> spielte sie gemeinsam mit ihrem Serienkollegen Graham Campbell ein Bewertungsspiel. Dabei kam die Frage auf, ob Erwachsene, die erotische Fanfiction schreiben, daf\u00fcr verurteilt werden sollten. <\/p>\n<p data-speakable=\"\">Campbell antwortete, das sei besser, als wenn Kinder solche Geschichten schrieben. &#8222;Das war doch gar nicht die Frage&#8220;, entgegnete Gerber lachend und f\u00fcgte hinzu: &#8222;Wei\u00dft du, dass ich Fanfiction schreibe?&#8220;<\/p>\n<p data-speakable=\"\">Auf Campbells R\u00fcckfrage, welche Art denn, antwortete sie: &#8222;Ich wei\u00df nicht, ob ich jemals \u00f6ffentlich dar\u00fcber gesprochen habe, aber ich schreibe sie tats\u00e4chlich. Nicht unter meinem Namen, aber ich schreibe Fanfiction.&#8220; Welche Art es sei, verriet sie nicht. Als Campbell weiter nachhakte, beendete sie auch hier das Thema: &#8222;Mach dir dar\u00fcber keine Gedanken. Machen wir weiter.&#8220;<\/p>\n<p>Sie besch\u00e4ftigt sich mit Literatur<\/p>\n<p data-speakable=\"\">Dass Gerber sich f\u00fcr Literatur interessiert, ist nicht neu. Bereits 2020 startete sie einen eigenen Buchclub, den sie zun\u00e4chst \u00fcber Social Media und YouTube f\u00fchrte, oft im Gespr\u00e4ch mit Autorinnen und Autoren. Als offizielles Projekt unter dem Namen &#8222;Library Science&#8220; ging der Club im M\u00e4rz 2024 an den Start, gemeinsam mit Alyssa Reeder.<\/p>\n<p>&#8222;The Shards&#8220;: Ihre neue Serie<\/p>\n<p data-speakable=\"\">In &#8222;The Shards&#8220; spielt Gerber die Susan Reynolds, Campbell ist als Thom Wright zu sehen. Die Serie beruht auf dem gleichnamigen Roman von Bret Easton Ellis (62) und wurde von Seriensch\u00f6pfer Ryan Murphy (60) f\u00fcr FX entwickelt. Hierzulande ist die Serie auf Disney Plus zu sehen.<\/p>\n<p>Empfehlungen der Redaktion<\/p>\n<p data-speakable=\"\">Im glamour\u00f6sen Los Angeles des Jahres 1981 ger\u00e4t das privilegierte Leben einer Clique reicher Privatsch\u00fcler durch die Ankunft des mysteri\u00f6sen neuen Sch\u00fclers Robert Mallory (Homer Gere) ins Wanken. Gleichzeitig versetzt ein sadistischer Serienm\u00f6rder namens &#8222;Trawler&#8220; die Stadt in Angst, woraufhin sich der 17-j\u00e4hrige Protagonist Bret Easton Ellis (Igby Rigney) zunehmend in die Vorstellung hineinsteigert, dass der neue Mitsch\u00fcler etwas mit den brutalen Verbrechen zu tun hat. (des\/spot)\u00a0<br \/>\n\u00a9 1&amp;1 Mail &amp; Media\/spot on news\n<\/p>\n<p> <script async src=\"\/\/www.instagram.com\/embed.js\"><\/script><\/p>\n","protected":false},"excerpt":{"rendered":"&#8222;Es macht so viel Spa\u00df&#8220; Aktualisiert am 07.08.2026, 16:04 Uhr Kaia Gerber spielt eine der Hauptrolle in &#8222;The&hellip;\n","protected":false},"author":2,"featured_media":320673,"comment_status":"","ping_status":"","sticky":false,"template":"","format":"standard","meta":{"footnotes":"","_share_on_mastodon":"0"},"categories":[27],"tags":[46,42,175,18624,147,82960,82961,82962,44,176,82959,148],"class_list":["post-320672","post","type-post","status-publish","format-standard","has-post-thumbnail","category-prominente","tag-at","tag-austria","tag-celebrities","tag-cindy-crawford","tag-entertainment","tag-fanfiction","tag-graham-campbell","tag-jake-shane","tag-oesterreich","tag-prominente","tag-rande-gerber","tag-unterhaltung"],"share_on_mastodon":{"url":"https:\/\/pubeurope.com\/@at\/117055339139039548","error":""},"_links":{"self":[{"href":"https:\/\/www.europesays.com\/at\/wp-json\/wp\/v2\/posts\/320672","targetHints":{"allow":["GET"]}}],"collection":[{"href":"https:\/\/www.europesays.com\/at\/wp-json\/wp\/v2\/posts"}],"about":[{"href":"https:\/\/www.europesays.com\/at\/wp-json\/wp\/v2\/types\/post"}],"author":[{"embeddable":true,"href":"https:\/\/www.europesays.com\/at\/wp-json\/wp\/v2\/users\/2"}],"replies":[{"embeddable":true,"href":"https:\/\/www.europesays.com\/at\/wp-json\/wp\/v2\/comments?post=320672"}],"version-history":[{"count":0,"href":"https:\/\/www.europesays.com\/at\/wp-json\/wp\/v2\/posts\/320672\/revisions"}],"wp:featuredmedia":[{"embeddable":true,"href":"https:\/\/www.europesays.com\/at\/wp-json\/wp\/v2\/media\/320673"}],"wp:attachment":[{"href":"https:\/\/www.europesays.com\/at\/wp-json\/wp\/v2\/media?parent=320672"}],"wp:term":[{"taxonomy":"category","embeddable":true,"href":"https:\/\/www.europesays.com\/at\/wp-json\/wp\/v2\/categories?post=320672"},{"taxonomy":"post_tag","embeddable":true,"href":"https:\/\/www.europesays.com\/at\/wp-json\/wp\/v2\/tags?post=320672"}],"curies":[{"name":"wp","href":"https:\/\/api.w.org\/{rel}","templated":true}]}}