{"id":322625,"date":"2026-08-08T18:33:11","date_gmt":"2026-08-08T18:33:11","guid":{"rendered":"https:\/\/www.europesays.com\/at\/322625\/"},"modified":"2026-08-08T18:33:11","modified_gmt":"2026-08-08T18:33:11","slug":"gak-1902-wahrt-auch-gegen-aufsteiger-sc-austria-lustenau-heimnimbus","status":"publish","type":"post","link":"https:\/\/www.europesays.com\/at\/322625\/","title":{"rendered":"GAK 1902 wahrt auch gegen Aufsteiger SC Austria Lustenau Heimnimbus"},"content":{"rendered":"<p>\t\t\t\t\t\t\t\t\t\t\t\t\t\t\t <img decoding=\"async\" src=\"https:\/\/www.europesays.com\/at\/wp-content\/uploads\/2026\/08\/1786213989_696_gak.png\" alt=\"\"\/> <\/p>\n<p>\t\t\t\t\t\t\t\t\t\t\t\t\t\t\t <img decoding=\"async\" src=\"https:\/\/www.europesays.com\/at\/wp-content\/uploads\/2026\/08\/1786213990_726_lustenau_sc_austria.jpeg\" alt=\"\"\/> <\/p>\n<p>Den Samstagspieltag der steirischen Klubs (alle drei heute im Einsatz) in Runde 2 der <a href=\"https:\/\/www.ligaportal.at\/bundesliga\/\" rel=\"nofollow noopener\" target=\"_blank\">Bundesliga<\/a>-Saison 2026\/27 er\u00f6ffnete am Vorabend der bis dato in 2026 daheim noch ungeschlagene\u00a0<a href=\"https:\/\/ticker.ligaportal.at\/mannschaft\/2278\/gak-1902\" rel=\"nofollow noopener\" target=\"_blank\">GAK 1902 <\/a>gegen den <a href=\"https:\/\/ticker.ligaportal.at\/mannschaft\/4\/austria-lustenau\" rel=\"nofollow noopener\" target=\"_blank\">SC Austria Lustenau<\/a>. Das Duell des Aufsteigers von 2024 gegen den aktuellen. W\u00e4hrend den Vorarlbergern zum Auftakt ein Punktgewinn zuhause gegen die SV Ried (1:1) gelang, kehrten die Grazer Athletiker mit einer 0:3-Niederlage gegen Doublegewinner LASK aus Linz zur\u00fcck und wollten beim ersten Heimauftritt ein anderes Gesicht zeigen. Was mit dem 2:1 (1:0)-Sieg auch gelang, wodurch der Heimnimbus gewahrt bleibt.<\/p>\n<p><img decoding=\"async\" src=\"https:\/\/www.europesays.com\/at\/wp-content\/uploads\/2026\/08\/tor-pines-gak-1902-vs-austria-lustenau-08-08-26-ripu-sportfotos-pumann.jpg\" alt=\"\"\/><\/p>\n<p>Das erste Bundesliga-Tor der neuen Saison 2026\/27 f\u00fcr den GAK 1902 ist unterwegs und wurde vom amerikanischen Abwehrspieler Donovan Pines per Kopfball zur 1:0-F\u00fchrung f\u00fcr die Rotjacken gegen Austria Lustenau erzielt.\u00a0<\/p>\n<p>Erste Schusschance nach 73 Sekunden f\u00fcr GAK<\/p>\n<p>Nach 20 Jahren begegneten sich der GAK 1902, bei dem Vraa f\u00fcr den verletzten Oberleitner spielte und Ex-FC Blau-Wei\u00df Linz-Au\u00dfenverteidiger Anderson nach langer Verletzungspause sein Bundesliga-Startelf-Comeback gab, und Austria Lustenau wieder im Oberhaus. Bei, wie in den letzten Wochen, hochsommerlichen Temperaturen legten die Steirer in Graz-Liebenau \u00fcberfallartig los. Klassen mit der Hereingabe von links auf Hofleitner, dessen Drehschuss in Bedr\u00e4ngnis Schlussmann Schierl 73 Sekunden noch leicht ber\u00fchrte.\u00a0<\/p>\n<p>Die Gastgeber blieben am Dr\u00fccker und belohnten sich mit dem f\u00e4lligen F\u00fchrungstor. Der aufger\u00fcckte Abwehrspieler Donovan Pines verwertete in der 18. Minute mit einem pr\u00e4zisen Kopfball eine Linksflanke von Kapit\u00e4n Christian Lichtenberger. In der ersten Halbzeit dominierte der GAK weitgehend das Spiel und lie\u00df den Lustenauern wenig Raum f\u00fcr gef\u00e4hrliche Aktionen. Die G\u00e4ste versuchten, \u00fcber halbhohe Flanken und schnelle Angriffe Druck aufzubauen, scheiterten jedoch an der gut organisierten Defensive der Grazer.<\/p>\n<p>Nach der Pause zeigte sich ein anderes Bild. Die Mader-Mannen kamen motiviert aus der Kabine und glichen in der 51. Minute aus. Dion Kacuri schnappte sich den Ball im Zweikampf mit Peter Michorl und traf aus der Distanz zum 1:1. Der Treffer verlieh den Vorarlbergern neuen Schwung, doch die Athletiker fanden schnell zur\u00fcck ins Spiel. In der 66. Minute erzielte Alexander Hofleitner per Kopfball nach einem Corner von Sommer-Neuzugang Peter Michorl das 2:1. Die erneute F\u00fchrung gab den Grazern Sicherheit und sie kontrollierten das Spielgeschehen in der Folgezeit.<\/p>\n<p><img decoding=\"async\" src=\"https:\/\/www.europesays.com\/at\/wp-content\/uploads\/2026\/08\/gak-vs-austria-lustenau-08-08-26-ripu-sportfotos-pumann.jpg\" alt=\"\"\/><\/p>\n<p>Spannende Schlussphase ohne weitere Treffer<\/p>\n<p>Die letzten Minuten der Partie waren gepr\u00e4gt von intensiven Bem\u00fchungen der G\u00e4ste, den Ausgleich zu erzielen. Austria Lustenau versuchte alles, um die Defensive des GAK zu \u00fcberwinden, doch die Grazer standen sicher und lie\u00dfen kaum Chancen zu. In der 98. Minute parierte GAK-Torh\u00fcter Cican Stankovic einen gef\u00e4hrlichen Ball, der letzte Versuch der Lustenauer blieb erfolglos. Auch das Feldhofer-Team hatte noch eine M\u00f6glichkeit, das Ergebnis weiter zu erh\u00f6hen, nutzte die sich bietende Konterm\u00f6glichkeit jedoch nicht.<\/p>\n<p>Trotz der hektischen Schlussphase und einer Spielunterbrechung wegen Nebels blieb es nach 100 Spielminuten beim 2:1-Endstand f\u00fcr die Steirer. Der Heimsieg sichert den Grazern die ersten Punkte in der noch jungen Saison und l\u00e4sst die Mannschaft optimistisch auf die kommenden Aufgaben blicken. Sonntag in einer Woche geht es f\u00fcr Lichtenberger &amp; Co. zum SK Rapid nach H\u00fctteldorf im Topspiel der dritten Runde, Austria Lustenau empf\u00e4ngt tags zuvor am Samstag den WAC.<\/p>\n<p>Bundesliga-Saison 2026\/2027, 2. Runde<\/p>\n<p>Samstag, 8. August 2026, 17:00 Uhr, Stadion Graz-Liebenau, Z: 6.767; SR:\u00a0Safak Barmaksiz.<\/p>\n<p>GAK 1902 vs. SC Austria Lustenau 2:1 (1:0)<\/p>\n<p>Grazer AK\u00a0(3-4-1-2): Stankovic; Owusu, Pines, Vraa; Anderson (60. Gragger), Michorl, Hermesh (85. Mandey), Klassen; Lichtenberger (K, 70. Koch); Grosse (60. Smits), Hofleitner (85. Maderner).\u00a0Trainer: Ferdinand Feldhofer.<\/p>\n<p>SC Austria Lustenau\u00a0(4-3-3): Schierl; Gmeiner, Maak (K), Pertlwieser, Soares; Lord Afrifa (71. Gashi), Kacuri, Delaye (79. Chukwu); Weixelbraun (71. Jastremski), Benjamin (46. Verinac), Diarra (79. Grabher).\u00a0Trainer: Markus Mader.<\/p>\n<p>Torfolge: 1:0 Pines (18., Lichtenberger), 1:1\u00a0Kacuri (51.), 2:1 Hofleitner (66., Eckball Michorl)<\/p>\n<p>Gelbe Karten: Michorl (21., Foulspiel \/ Verinac (88., Foulspiel), Chukwu (90.+2, Foulspiel).<\/p>\n<p>SPIELFILM im <a href=\"https:\/\/ticker.ligaportal.at\/live-ticker\/1260139\/gak-1902-gegen-austria-lustenau\" rel=\"nofollow noopener\" target=\"_blank\">Ligaportal-TICKER<\/a>!<\/p>\n<p>Fotocredit: RiPu-Sportfotos<\/p>\n","protected":false},"excerpt":{"rendered":"Den Samstagspieltag der steirischen Klubs (alle drei heute im Einsatz) in Runde 2 der Bundesliga-Saison 2026\/27 er\u00f6ffnete am&hellip;\n","protected":false},"author":2,"featured_media":322626,"comment_status":"","ping_status":"","sticky":false,"template":"","format":"standard","meta":{"footnotes":"","_share_on_mastodon":"0"},"categories":[18],"tags":[46,42,34265,112,38683,44,2728,109,108],"class_list":["post-322625","post","type-post","status-publish","format-standard","has-post-thumbnail","category-sport","tag-at","tag-austria","tag-bundesliga-saison-2026-27","tag-gak-1902","tag-heimnimbus","tag-oesterreich","tag-sc-austria-lustenau","tag-sport","tag-sports"],"share_on_mastodon":{"url":"https:\/\/pubeurope.com\/@at\/117061327718207948","error":""},"_links":{"self":[{"href":"https:\/\/www.europesays.com\/at\/wp-json\/wp\/v2\/posts\/322625","targetHints":{"allow":["GET"]}}],"collection":[{"href":"https:\/\/www.europesays.com\/at\/wp-json\/wp\/v2\/posts"}],"about":[{"href":"https:\/\/www.europesays.com\/at\/wp-json\/wp\/v2\/types\/post"}],"author":[{"embeddable":true,"href":"https:\/\/www.europesays.com\/at\/wp-json\/wp\/v2\/users\/2"}],"replies":[{"embeddable":true,"href":"https:\/\/www.europesays.com\/at\/wp-json\/wp\/v2\/comments?post=322625"}],"version-history":[{"count":0,"href":"https:\/\/www.europesays.com\/at\/wp-json\/wp\/v2\/posts\/322625\/revisions"}],"wp:featuredmedia":[{"embeddable":true,"href":"https:\/\/www.europesays.com\/at\/wp-json\/wp\/v2\/media\/322626"}],"wp:attachment":[{"href":"https:\/\/www.europesays.com\/at\/wp-json\/wp\/v2\/media?parent=322625"}],"wp:term":[{"taxonomy":"category","embeddable":true,"href":"https:\/\/www.europesays.com\/at\/wp-json\/wp\/v2\/categories?post=322625"},{"taxonomy":"post_tag","embeddable":true,"href":"https:\/\/www.europesays.com\/at\/wp-json\/wp\/v2\/tags?post=322625"}],"curies":[{"name":"wp","href":"https:\/\/api.w.org\/{rel}","templated":true}]}}