{"id":323227,"date":"2026-08-09T04:05:18","date_gmt":"2026-08-09T04:05:18","guid":{"rendered":"https:\/\/www.europesays.com\/at\/323227\/"},"modified":"2026-08-09T04:05:18","modified_gmt":"2026-08-09T04:05:18","slug":"graz-wahl-streit-und-pannen-grazer-fpoe-basis-rechnet-mit-parteispitze-ab","status":"publish","type":"post","link":"https:\/\/www.europesays.com\/at\/323227\/","title":{"rendered":"Graz-Wahl: Streit und Pannen: Grazer FP\u00d6-Basis rechnet mit Parteispitze ab"},"content":{"rendered":"<p><a href=\"https:\/\/www.kleinezeitung.at\/rubriken\/politik\" data-slot=\"base\" class=\"inline-flex items-center disabled:cursor-not-allowed aria-disabled:cursor-not-allowed disabled:opacity-75 aria-disabled:opacity-75 transition-colors rounded-lg px-2.5 py-1.5 text-sm text-muted hover:text-default active:text-default disabled:text-muted aria-disabled:text-muted outline-inverted\/25 focus-visible:outline-3 gap-0 font-bold uppercase tracking-widest truncate !p-0 !rounded-none select-none\" rel=\"nofollow noopener\" target=\"_blank\">Politik<\/a>Analyse<\/p>\n<p class=\"klz-text-article-lead\">Mehrere Bezirksorganisationen der Grazer FP\u00d6 arbeiten das schwache Ergebnis der Graz-Wahl auf und kritisieren Parteichef Axel Kassegger und die Landespartei massiv.<\/p>\n<p><img decoding=\"async\" src=\"https:\/\/www.europesays.com\/at\/wp-content\/uploads\/2026\/08\/FP\u00d6Wahlauftakt 3.JPG\" alt=\"FP\u00d6-Gruppenbild beim Wahlkampfauftakt f\u00fcr die Graz-Wahl am 13. Mai 2026 mit dem Banner &quot;Unsere Jugend f\u00fcr Ren\u00e9&quot; \u2013 ohne dass ein einziger Jugendlicher am Foto dabei ist\" loading=\"eager\" fetchpriority=\"high\"  class=\"w-full object-contain  rounded-2xl\"\/> \u00a9 FP\u00d6 Steiermark\/Mario GimpelFP\u00d6-Gruppenbild beim Wahlkampfauftakt f\u00fcr die Graz-Wahl am 13. Mai 2026 mit dem Banner &#8222;Unsere Jugend f\u00fcr Ren\u00e9&#8220; \u2013 ohne dass ein einziger Jugendlicher am Foto dabei ist<img decoding=\"async\" src=\"https:\/\/www.europesays.com\/at\/wp-content\/uploads\/2026\/08\/1786248318_99_Winter-Poelsler_Gerald-512.png\" alt=\"Gerald Winter-P\u00f6lsler\" width=\"48\" height=\"48\" loading=\"lazy\" data-slot=\"image\" class=\"h-full w-full rounded-[inherit] object-cover\"\/><img decoding=\"async\" src=\"https:\/\/www.europesays.com\/at\/wp-content\/uploads\/2026\/08\/1786248318_99_Winter-Poelsler_Gerald-512.png\" alt=\"Gerald Winter-P\u00f6lsler\" width=\"48\" height=\"48\" loading=\"lazy\" data-slot=\"image\" class=\"h-full w-full rounded-[inherit] object-cover\"\/><\/p>\n<p>vor 1 Stunde9. August 2026 um 03:00<\/p>\n","protected":false},"excerpt":{"rendered":"PolitikAnalyse Mehrere Bezirksorganisationen der Grazer FP\u00d6 arbeiten das schwache Ergebnis der Graz-Wahl auf und kritisieren Parteichef Axel Kassegger&hellip;\n","protected":false},"author":2,"featured_media":323228,"comment_status":"","ping_status":"","sticky":false,"template":"","format":"standard","meta":{"footnotes":"","_share_on_mastodon":"0"},"categories":[29],"tags":[46,42,9282,83564,83563,183,83562,44,83565,2023],"class_list":["post-323227","post","type-post","status-publish","format-standard","has-post-thumbnail","category-graz","tag-at","tag-austria","tag-axel-kassegger","tag-bezirksorganisationen","tag-gemeinderaete","tag-graz","tag-grazer-fpoe","tag-oesterreich","tag-parteispitze","tag-rene-apfelknab"],"share_on_mastodon":{"url":"https:\/\/pubeurope.com\/@at\/117063576939587908","error":""},"_links":{"self":[{"href":"https:\/\/www.europesays.com\/at\/wp-json\/wp\/v2\/posts\/323227","targetHints":{"allow":["GET"]}}],"collection":[{"href":"https:\/\/www.europesays.com\/at\/wp-json\/wp\/v2\/posts"}],"about":[{"href":"https:\/\/www.europesays.com\/at\/wp-json\/wp\/v2\/types\/post"}],"author":[{"embeddable":true,"href":"https:\/\/www.europesays.com\/at\/wp-json\/wp\/v2\/users\/2"}],"replies":[{"embeddable":true,"href":"https:\/\/www.europesays.com\/at\/wp-json\/wp\/v2\/comments?post=323227"}],"version-history":[{"count":0,"href":"https:\/\/www.europesays.com\/at\/wp-json\/wp\/v2\/posts\/323227\/revisions"}],"wp:featuredmedia":[{"embeddable":true,"href":"https:\/\/www.europesays.com\/at\/wp-json\/wp\/v2\/media\/323228"}],"wp:attachment":[{"href":"https:\/\/www.europesays.com\/at\/wp-json\/wp\/v2\/media?parent=323227"}],"wp:term":[{"taxonomy":"category","embeddable":true,"href":"https:\/\/www.europesays.com\/at\/wp-json\/wp\/v2\/categories?post=323227"},{"taxonomy":"post_tag","embeddable":true,"href":"https:\/\/www.europesays.com\/at\/wp-json\/wp\/v2\/tags?post=323227"}],"curies":[{"name":"wp","href":"https:\/\/api.w.org\/{rel}","templated":true}]}}