{"id":323459,"date":"2026-08-09T07:06:14","date_gmt":"2026-08-09T07:06:14","guid":{"rendered":"https:\/\/www.europesays.com\/at\/323459\/"},"modified":"2026-08-09T07:06:14","modified_gmt":"2026-08-09T07:06:14","slug":"steirer-duell-weiper-beschert-sk-sturm-graz-sieg-in-hartberg","status":"publish","type":"post","link":"https:\/\/www.europesays.com\/at\/323459\/","title":{"rendered":"Steirer-Duell: Weiper beschert SK Sturm Graz Sieg in Hartberg"},"content":{"rendered":"<p>\t\t\t\t\t\t\t\t\t\t\t\t\t\t\t <img decoding=\"async\" src=\"https:\/\/www.europesays.com\/at\/wp-content\/uploads\/2026\/08\/1786259171_240_hartberg.png\" alt=\"\"\/> <\/p>\n<p>\t\t\t\t\t\t\t\t\t\t\t\t\t\t\t <img decoding=\"async\" src=\"https:\/\/www.europesays.com\/at\/wp-content\/uploads\/2026\/08\/1786259172_749_sturm-graz.png\" alt=\"\"\/> <\/p>\n<p>Schon in <a href=\"https:\/\/www.ligaportal.at\/bundesliga\/\" rel=\"nofollow noopener\" target=\"_blank\">Bundesliga<\/a>-Runde zwei wurde es steirisch: Mit dem <a href=\"https:\/\/ticker.ligaportal.at\/mannschaft\/1734\/tsv-hartberg\" rel=\"nofollow noopener\" target=\"_blank\">TSV Hartberg<\/a> und Vizemeister <a href=\"https:\/\/ticker.ligaportal.at\/mannschaft\/1715\/sk-sturm-graz\" rel=\"nofollow noopener\" target=\"_blank\">SK Sturm Graz<\/a> peilten zwei Teams aus der Gr\u00fcnen Mark den ersten Saisonsieg an. Die Schopp-Sch\u00fctzlinge unterlagen Salzburg in Spiel eins sp\u00e4t, w\u00e4hrend die &#8222;Blackies&#8220; in Tirol nur remisierten. Im bewerbs\u00fcbergreifend f\u00fcnften Ausw\u00e4rtsauftritt binnen 16 Tagen gelang den Murst\u00e4dtern ein 2:0-Erfolg.<\/p>\n<p><img decoding=\"async\" src=\"https:\/\/www.europesays.com\/at\/wp-content\/uploads\/2026\/08\/weiper-nelson-jubel-sk-sturm-graz-in-hartberg-08-08-2026-lbp-media-aron-szakos.JPG\" alt=\"weiper nelson jubel sk sturm graz in hartberg 08 08 2026 lbp media aron szakos\"\/><\/p>\n<p>Schopp-Sch\u00fctzlinge mit Chancenplus<\/p>\n<p>Vor vollem Haus in der Oststeiermark legte der TSV frech los und Gattermayer verbuchte nach 120 Sekunden die erste Halbchance aus spitzem Winkel. In der Folge neutralisierte man sich weitestgehend.<\/p>\n<p>Sturms St\u00fcrmer Wlodarczyk verzog abgef\u00e4lscht (18.), w\u00e4hrend Mitchell Hoffmann auf der Gegenseite in h\u00f6chster Not abgr\u00e4tschen konnte (23.). Nach einer l\u00e4ngeren Phase der Ereignislosigkeit schloss Hartbergs Neuzugang Gattermayer flach ins kurze Eck ab, doch der Jubel verstummte ob einer Abseitsstellung j\u00e4h (38.). Torlos nach 45 Minuten.<\/p>\n<p>\u00dcberzahl und Joker erl\u00f6sen Vizemeister<\/p>\n<p>Nach Wiederbeginn erh\u00f6hte der Vizemeister die Schlagzahl, doch ein\u00a0Wlodarczyk-Abstauber z\u00e4hlte wegen einer Abseitsstellung von Jatta nicht (59.). Erst die Ampelkarte gegen TSV-Trainersohn Schopp (60.) lie\u00df den Bann f\u00fcr die &#8222;Blackies&#8220; brechen: Soglo und Seidl im Zusammenspiel der Joker auf links, die Hereingabe von Letzterem verwandelte die ebenfalls eingewechselte Mainz-Leihgabe Weiper per Kopf zum Premierentor und dem 0:1 (69.).<\/p>\n<p>Das Muster wiederholte sich in Minute 81 nach einem kurz abgespielten Corner: Soglo zur\u00fcck auf Seidl, dessen flaches Zuspiel Weiper per \u00fcberlegtem Flachschuss ins lange Eck zum 0:2 und der Entscheidung verwertete. H\u00f6dl scheiterte kurz darauf vom 16er noch an Pecsi (86.), doch am verdienten Sturm-Sieg sollte das nichts mehr \u00e4ndern.<\/p>\n<p>SPIELFILM mit VIDEO-HIGHLIGHTS und AUFSTELLUNGEN im\u00a0<a href=\"https:\/\/ticker.ligaportal.at\/live-ticker\/1260140\/tsv-hartberg-gegen-sk-sturm-graz\" rel=\"nofollow noopener\" target=\"_blank\">Ligaportal-LIVETICKER<\/a><\/p>\n<p>Fotocredit: LBP Media \/ Aron Szakos<\/p>\n","protected":false},"excerpt":{"rendered":"Schon in Bundesliga-Runde zwei wurde es steirisch: Mit dem TSV Hartberg und Vizemeister SK Sturm Graz peilten zwei&hellip;\n","protected":false},"author":2,"featured_media":323460,"comment_status":"","ping_status":"","sticky":false,"template":"","format":"standard","meta":{"footnotes":"","_share_on_mastodon":"0"},"categories":[18],"tags":[46,42,676,44,1072,109,108,772,74927],"class_list":["post-323459","post","type-post","status-publish","format-standard","has-post-thumbnail","category-sport","tag-at","tag-austria","tag-bundesliga","tag-oesterreich","tag-sk-sturm-graz","tag-sport","tag-sports","tag-tsv-hartberg","tag-weiper"],"share_on_mastodon":{"url":"https:\/\/pubeurope.com\/@at\/117064289151183844","error":""},"_links":{"self":[{"href":"https:\/\/www.europesays.com\/at\/wp-json\/wp\/v2\/posts\/323459","targetHints":{"allow":["GET"]}}],"collection":[{"href":"https:\/\/www.europesays.com\/at\/wp-json\/wp\/v2\/posts"}],"about":[{"href":"https:\/\/www.europesays.com\/at\/wp-json\/wp\/v2\/types\/post"}],"author":[{"embeddable":true,"href":"https:\/\/www.europesays.com\/at\/wp-json\/wp\/v2\/users\/2"}],"replies":[{"embeddable":true,"href":"https:\/\/www.europesays.com\/at\/wp-json\/wp\/v2\/comments?post=323459"}],"version-history":[{"count":0,"href":"https:\/\/www.europesays.com\/at\/wp-json\/wp\/v2\/posts\/323459\/revisions"}],"wp:featuredmedia":[{"embeddable":true,"href":"https:\/\/www.europesays.com\/at\/wp-json\/wp\/v2\/media\/323460"}],"wp:attachment":[{"href":"https:\/\/www.europesays.com\/at\/wp-json\/wp\/v2\/media?parent=323459"}],"wp:term":[{"taxonomy":"category","embeddable":true,"href":"https:\/\/www.europesays.com\/at\/wp-json\/wp\/v2\/categories?post=323459"},{"taxonomy":"post_tag","embeddable":true,"href":"https:\/\/www.europesays.com\/at\/wp-json\/wp\/v2\/tags?post=323459"}],"curies":[{"name":"wp","href":"https:\/\/api.w.org\/{rel}","templated":true}]}}