{"id":324146,"date":"2026-08-09T14:51:14","date_gmt":"2026-08-09T14:51:14","guid":{"rendered":"https:\/\/www.europesays.com\/at\/324146\/"},"modified":"2026-08-09T14:51:14","modified_gmt":"2026-08-09T14:51:14","slug":"karosserieform-preise-km-stand-diese-gebrauchtwagen-kaufen-die-oesterreicher-am-liebsten-leadersnet","status":"publish","type":"post","link":"https:\/\/www.europesays.com\/at\/324146\/","title":{"rendered":"Karosserieform, Preise &#038; KM-Stand &#8211; Diese Gebrauchtwagen kaufen die \u00d6sterreicher am liebsten \u00bb Leadersnet"},"content":{"rendered":"<p>SUVs pr\u00e4gen zunehmend das Stra\u00dfenbild, doch bei Gebrauchten zeigt sich ein anderes Bild. Eine Auswertung verr\u00e4t, welche Karosserieform besonders gefragt ist, wie viel K\u00e4ufer:innen ausgeben und wie viele Kilometer akzeptiert werden.<\/p>\n<p>Wer einen Gebrauchtwagen kauft, entscheidet offenbar st\u00e4rker nach praktischen Kriterien als nach aktuellen Autotrends. Das legt zumindest eine Auswertung der Verk\u00e4ufe von Onlinecars nahe (siehe Infobox). Konkret hat der markenunabh\u00e4ngige Gebrauchtwagenh\u00e4ndler untersucht, welche Fahrzeuge bei seinen Kund:innen besonders h\u00e4ufig gefragt sind. Dabei zeigen sich klare Pr\u00e4ferenzen bei Karosserieform, Preis und Kilometerstand.<\/p>\n<p>Kombi schl\u00e4gt SUV<\/p>\n<p>Am \u00fcberraschendsten ist wohl das Ergebnis bei der Wahl der Karosserieform. Trotz des anhaltenden SUV-Booms entfielen 42 Prozent der ausgewerteten Verk\u00e4ufe auf Kombis. SUVs kamen auf 27 Prozent und Limousinen auf 26 Prozent. Vans spielten mit einem Anteil von lediglich drei Prozent eine untergeordnete Rolle.<\/p>\n<p><img loading=\"lazy\" decoding=\"async\" src=\"https:\/\/www.europesays.com\/at\/wp-content\/uploads\/2026\/08\/onlinecars-gebrauchtwagen-karosserieformen.png\" alt=\"Gebrauchtwagen Karosserieform\" width=\"2380\" height=\"1385\"\/><\/p>\n<p>Eine Rolle d\u00fcrfte dabei auch der nach wie vor hohe Dieselanteil am \u00f6sterreichischen Gebrauchtwagenmarkt spielen. Nach Zahlen von Statistik Austria, auf die Onlinecars verweist, entfielen 2025 knapp 48 Prozent aller Gebrauchtzulassungen auf Fahrzeuge mit Dieselantrieb. Insbesondere bei Pendler:innen, Familien und im l\u00e4ndlichen Raum k\u00f6nnten Reichweite, Platzangebot und Verbrauch weiterhin wichtige Kaufkriterien sein.<\/p>\n<p>Die meisten greifen zur preislichen Mitte<\/p>\n<p>Auch beim Kaufpreis zeichnet die Auswertung ein vergleichsweise pragmatisches Bild. Am h\u00e4ufigsten wechselten Fahrzeuge im Preissegment zwischen 22.000 und 28.000 Euro den Besitzer. Dahinter folgten Gebrauchtwagen zwischen 18.000 und 22.000 Euro. Fahrzeuge f\u00fcr mehr als 28.000 Euro sowie Modelle unterhalb von 18.000 Euro wurden hingegen seltener verkauft.<\/p>\n<p>Kaufkriterium<br \/>\nBesonders gefragt<\/p>\n<p>Karosserieform<br \/>\nKombi (42 % der Verk\u00e4ufe)<\/p>\n<p>Preisklasse<br \/>\n22.000 bis 28.000 Euro<\/p>\n<p>Kilometerstand<br \/>\n75.000 bis 150.000 km (54 % der Verk\u00e4ufe)<\/p>\n<p>Dabei muss es offenbar keineswegs ein beinahe neuwertiges Fahrzeug sein. Rund 54 Prozent der verkauften Autos hatten bereits zwischen 75.000 und 150.000 Kilometer zur\u00fcckgelegt. Damit greifen viele K\u00e4ufer:innen zu Fahrzeugen, die einen erheblichen Teil ihres anf\u00e4nglichen Wertverlusts bereits hinter sich haben.<\/p>\n<p>&#8222;\u00d6sterreich kauft pragmatisch&#8220;<\/p>\n<p>Martin Oraze, Head of Sales bei Onlinecars, sieht in den Zahlen eine klare Tendenz: &#8222;\u00d6sterreich kauft pragmatisch. Gefragt ist nicht das j\u00fcngste, oder exklusivste, sondern das vern\u00fcnftigste Auto.&#8220; Vor allem gebrauchte Diesel-Kombis in der mittleren Preisklasse geh\u00f6rten dem Unternehmen zufolge seit l\u00e4ngerer Zeit zu den Bestsellern.<\/p>\n<p><a href=\"https:\/\/www.onlinecars.at\/\" target=\"_blank\" rel=\"noopener nofollow\">www.onlinecars.at<\/a><\/p>\n","protected":false},"excerpt":{"rendered":"SUVs pr\u00e4gen zunehmend das Stra\u00dfenbild, doch bei Gebrauchten zeigt sich ein anderes Bild. Eine Auswertung verr\u00e4t, welche Karosserieform&hellip;\n","protected":false},"author":2,"featured_media":324147,"comment_status":"","ping_status":"","sticky":false,"template":"","format":"standard","meta":{"footnotes":"","_share_on_mastodon":"0"},"categories":[14],"tags":[46,42,11243,95,90,89,31038,91,94,83793,44,93,92],"class_list":["post-324146","post","type-post","status-publish","format-standard","has-post-thumbnail","category-unternehmen-maerkte","tag-at","tag-austria","tag-autohandel","tag-business","tag-companies","tag-companies-markets","tag-gebrauchtwagen","tag-markets","tag-maerkte","tag-onlinecars","tag-oesterreich","tag-unternehmen","tag-unternehmen-maerkte"],"share_on_mastodon":{"url":"https:\/\/pubeurope.com\/@at\/117066117204267675","error":""},"_links":{"self":[{"href":"https:\/\/www.europesays.com\/at\/wp-json\/wp\/v2\/posts\/324146","targetHints":{"allow":["GET"]}}],"collection":[{"href":"https:\/\/www.europesays.com\/at\/wp-json\/wp\/v2\/posts"}],"about":[{"href":"https:\/\/www.europesays.com\/at\/wp-json\/wp\/v2\/types\/post"}],"author":[{"embeddable":true,"href":"https:\/\/www.europesays.com\/at\/wp-json\/wp\/v2\/users\/2"}],"replies":[{"embeddable":true,"href":"https:\/\/www.europesays.com\/at\/wp-json\/wp\/v2\/comments?post=324146"}],"version-history":[{"count":0,"href":"https:\/\/www.europesays.com\/at\/wp-json\/wp\/v2\/posts\/324146\/revisions"}],"wp:featuredmedia":[{"embeddable":true,"href":"https:\/\/www.europesays.com\/at\/wp-json\/wp\/v2\/media\/324147"}],"wp:attachment":[{"href":"https:\/\/www.europesays.com\/at\/wp-json\/wp\/v2\/media?parent=324146"}],"wp:term":[{"taxonomy":"category","embeddable":true,"href":"https:\/\/www.europesays.com\/at\/wp-json\/wp\/v2\/categories?post=324146"},{"taxonomy":"post_tag","embeddable":true,"href":"https:\/\/www.europesays.com\/at\/wp-json\/wp\/v2\/tags?post=324146"}],"curies":[{"name":"wp","href":"https:\/\/api.w.org\/{rel}","templated":true}]}}