{"id":325210,"date":"2026-08-10T06:41:11","date_gmt":"2026-08-10T06:41:11","guid":{"rendered":"https:\/\/www.europesays.com\/at\/325210\/"},"modified":"2026-08-10T06:41:11","modified_gmt":"2026-08-10T06:41:11","slug":"king-oefb-kicker-adelt-ex-teamkollege-und-sk-sturm-graz-stuermer","status":"publish","type":"post","link":"https:\/\/www.europesays.com\/at\/325210\/","title":{"rendered":"&#8222;King&#8220;: \u00d6FB-Kicker adelt Ex-Teamkollege und SK Sturm Graz-St\u00fcrmer"},"content":{"rendered":"<p>\t\t\t\t\t\t\t\t\t\t\t\t\t\t\t <img decoding=\"async\" src=\"https:\/\/www.europesays.com\/at\/wp-content\/uploads\/2026\/08\/1786344070_778_sturm-graz.png\" alt=\"\"\/> <\/p>\n<p>&#8222;Leider ist er nicht so fit, wie wir es uns w\u00fcnschen&#8220;, betonte\u00a0Trainer Fabio Ingolitsch nach dem 2:0-Ausw\u00e4rtssieg des\u00a0<a href=\"https:\/\/ticker.ligaportal.at\/mannschaft\/1715\/sk-sturm-graz\" rel=\"nofollow noopener\" target=\"_blank\">SK Sturm Graz<\/a> in Hartberg. Dennoch stieg der zur Stundenmarke eingewechselte Neo-Angreifer Nelson Weiper mit seinen\u00a0<a href=\"https:\/\/www.ligaportal.at\/bundesliga\/\" rel=\"nofollow noopener\" target=\"_blank\">Bundesliga<\/a>-Premierentreffern per Doppelpack (69., 81.) zum Matchwinner auf und erfreute damit auch seinen ehemaligen DFB-Teamkollegen\u00a0Paul Wanner.<\/p>\n<p><img decoding=\"async\" src=\"https:\/\/www.europesays.com\/at\/wp-content\/uploads\/2026\/08\/weiper-wanner-dfb-junioren-imago-defodi-images.jpg\" alt=\"weiper wanner dfb junioren imago defodi images\"\/><\/p>\n<p>Weiper und Wanner hier im DFB-Dress bei einem U21-Match Anfang Juni 2025. Mittlerweile haben beide Bezug zu Rot-Wei\u00df-Rot: Ersterer als Sturm-St\u00fcrmer, Zweiterer hat sich als Doppelstaatsb\u00fcrger letztendlich f\u00fcr das \u00d6FB-Team entschieden und war etwa bei der WM in Nordamerika dabei.<\/p>\n<p>Man kennt sich, man sch\u00e4tzt sich&#8230;<\/p>\n<p>Weiper und Wanner liefen von der U17 bis zur U21 gemeinsam mit dem deutschen Bundesadler auf der Brust auf. Letztmals bei der U21-Europameisterschaft im Vorjahr, bei der sich die DFB-Auswahl erst im Finale England geschlagen geben musste. Der nun in der Murstadt besch\u00e4ftigte Angreifer traf damals in der Nachspielzeit von H\u00e4lfte eins zum zwischenzeitlichen Anschluss.<\/p>\n<p>W\u00e4hrend Wanner ohnehin seit Jahren als absolutes Toptalent gehandelt wird, bekam Weiper 2022 gar die\u00a0Fritz-Walter-Medaille in Gold als bester Nachwuchsspieler Deutschlands verliehen.<\/p>\n<p>&#8222;king\u00a0\u2764\ufe0f&#8220;<\/p>\n<p>Auf das Posting &#8222;Three points, two goals\u270c\ud83c\udffc&#8220; des neuen Grazer Knipsers, auf einen solchen warten die Fans der &#8222;Blackies&#8220; ja bereits sehns\u00fcchtig, kommentierte Neo-\u00d6FB-Kicker Wanner &#8222;king\u00a0\u2764\ufe0f&#8220;.<\/p>\n<p>Nach dem Match in Hartberg meinte der aus Mainz ausgeliehene St\u00fcrmer, dass ein &#8222;Hattrick nochmal sch\u00f6ner&#8220; gewesen w\u00e4re, res\u00fcmierte dennoch zufrieden: &#8222;War gut, eingewechselt, Doppelpack, Sieg. Reicht.&#8220; Coach Ingolitsch z\u00e4hlte Weiper zu seinen eingewechselten &#8222;Gamechangern&#8220;\u00a0(siehe <a href=\"https:\/\/www.ligaportal.at\/bundesliga\/allgemein\/22070-sturm-hatte-in-hartberg-keine-einwechsler-sondern-gamechanger-video\" rel=\"nofollow noopener\" target=\"_blank\">Beitrag<\/a>).<\/p>\n<p>Bereits am Dienstagabend k\u00f6nnte die Torejagd f\u00fcr den gro\u00dfgewachsenen 21-J\u00e4hrigen weitergehen. Sturm trifft im R\u00fcckspiel der dritten CL-Qualifikationsrunde in Liebenau auf Fenerbahce und muss einen 0:2-R\u00fcckstand vergessen machen (ab 20:30 Uhr im <a href=\"https:\/\/ticker.ligaportal.at\/live-ticker\/1306279\/sk-sturm-graz-gegen-fenerbahce-istanbul-sk\" rel=\"nofollow noopener\" target=\"_blank\">Ligaportal-LIVETICKER<\/a>). Am Samstag wartet in der Bundesliga der erste Heimauftritt gegen den SCR Altach (ab 19:30 Uhr im <a href=\"https:\/\/ticker.ligaportal.at\/live-ticker\/1260146\/sk-sturm-graz-gegen-scr-altach\" rel=\"nofollow noopener\" target=\"_blank\">Ligaportal-LIVETICKER<\/a>).<\/p>\n<p>Fotocredit: IMAGO \/ DeFodi Images<\/p>\n","protected":false},"excerpt":{"rendered":"&#8222;Leider ist er nicht so fit, wie wir es uns w\u00fcnschen&#8220;, betonte\u00a0Trainer Fabio Ingolitsch nach dem 2:0-Ausw\u00e4rtssieg des\u00a0SK&hellip;\n","protected":false},"author":2,"featured_media":325211,"comment_status":"","ping_status":"","sticky":false,"template":"","format":"standard","meta":{"footnotes":"","_share_on_mastodon":"0"},"categories":[29],"tags":[46,42,74759,183,44,1072,84066,74927],"class_list":["post-325210","post","type-post","status-publish","format-standard","has-post-thumbnail","category-graz","tag-at","tag-austria","tag-fritz-walter-medaille","tag-graz","tag-oesterreich","tag-sk-sturm-graz","tag-wanner","tag-weiper"],"share_on_mastodon":{"url":"https:\/\/pubeurope.com\/@at\/117069853142882535","error":""},"_links":{"self":[{"href":"https:\/\/www.europesays.com\/at\/wp-json\/wp\/v2\/posts\/325210","targetHints":{"allow":["GET"]}}],"collection":[{"href":"https:\/\/www.europesays.com\/at\/wp-json\/wp\/v2\/posts"}],"about":[{"href":"https:\/\/www.europesays.com\/at\/wp-json\/wp\/v2\/types\/post"}],"author":[{"embeddable":true,"href":"https:\/\/www.europesays.com\/at\/wp-json\/wp\/v2\/users\/2"}],"replies":[{"embeddable":true,"href":"https:\/\/www.europesays.com\/at\/wp-json\/wp\/v2\/comments?post=325210"}],"version-history":[{"count":0,"href":"https:\/\/www.europesays.com\/at\/wp-json\/wp\/v2\/posts\/325210\/revisions"}],"wp:featuredmedia":[{"embeddable":true,"href":"https:\/\/www.europesays.com\/at\/wp-json\/wp\/v2\/media\/325211"}],"wp:attachment":[{"href":"https:\/\/www.europesays.com\/at\/wp-json\/wp\/v2\/media?parent=325210"}],"wp:term":[{"taxonomy":"category","embeddable":true,"href":"https:\/\/www.europesays.com\/at\/wp-json\/wp\/v2\/categories?post=325210"},{"taxonomy":"post_tag","embeddable":true,"href":"https:\/\/www.europesays.com\/at\/wp-json\/wp\/v2\/tags?post=325210"}],"curies":[{"name":"wp","href":"https:\/\/api.w.org\/{rel}","templated":true}]}}