{"id":325678,"date":"2026-08-10T11:35:15","date_gmt":"2026-08-10T11:35:15","guid":{"rendered":"https:\/\/www.europesays.com\/at\/325678\/"},"modified":"2026-08-10T11:35:15","modified_gmt":"2026-08-10T11:35:15","slug":"stefanie-heinzmann-bin-seit-ueber-20-jahren-in-therapie","status":"publish","type":"post","link":"https:\/\/www.europesays.com\/at\/325678\/","title":{"rendered":"Stefanie Heinzmann: &#8222;Bin seit \u00fcber 20 Jahren in Therapie&#8220;"},"content":{"rendered":"<p>\nRaab machte sie zum Star\n<\/p>\n<p>Aktualisiert am 10.08.2026, 11:14 Uhr\n<\/p>\n<p><img loading=\"lazy\" decoding=\"async\" src=\"https:\/\/www.europesays.com\/at\/wp-content\/uploads\/2026\/08\/42591990,pd=1,f=responsive169-w950.jpg\" alt=\"\" width=\"950\" height=\"534\"\/><\/p>\n<p>\u00a9 BUNTE<\/p>\n<p class=\"content__description\" data-speakable=\"\">Mit 17 landete sie in einer psychiatrischen Klinik, kurz darauf wurde sie durch Stefan Raab zum Star: S\u00e4ngerin Stefanie Heinzmann spricht nun offen \u00fcber ihren jahrzehntelangen therapeutischen Weg \u2013 und dar\u00fcber, wie daraus sogar ein neues Album entstand.<\/p>\n<p data-speakable=\"\"><a data-component-name=\"link.semantic\" data-brain-zone=\".42596406.content.textlink_1\" data-component-path=\"content.textlink_1\" href=\"https:\/\/www.gmx.at\/magazine\/unterhaltung\/thema\/stefanie-heinzmann\" rel=\"nofollow noopener\" target=\"_blank\">Stefanie Heinzmann<\/a> (37) hat in einem Gespr\u00e4ch <a target=\"_blank\" data-brain-zone=\".42596406.content.textlink_2\" data-component-path=\"content.textlink_2\" data-component-name=\"link.external\" rel=\"noopener nofollow\" href=\"https:\/\/www.bunte.de\/stars\/star-news\/raab-entdeckung-stefanie-heinzmann-bin-seit-20-jahren-in-therapie_448a150f-38f1-4cf6-8564-bf512cd6c769.html\">mit der &#8222;Bunte&#8220;<\/a> einen sehr pers\u00f6nlichen Einblick in ihr Leben gegeben: Die Schweizer S\u00e4ngerin nimmt nach eigenen Angaben seit mehr als zwei Jahrzehnten therapeutische Unterst\u00fctzung in Anspruch. Was bislang kaum bekannt war, reicht zur\u00fcck bis in ihre Jugend \u2013 lange bevor sie 2008 durch einen Sieg bei einem Musikcasting in <a data-component-name=\"link.semantic\" data-brain-zone=\".42596406.content.textlink_3\" data-component-path=\"content.textlink_3\" href=\"https:\/\/www.gmx.at\/magazine\/unterhaltung\/thema\/stefan-raab\" rel=\"nofollow noopener\" target=\"_blank\">Stefan Raabs<\/a> Show &#8222;TV total&#8220; einem breiten Publikum bekannt wurde.<\/p>\n<p data-speakable=\"\">Den Ausgangspunkt bildete ein Bandscheibenvorfall, den Heinzmann als Jugendliche erlitt. Weil sie daraufhin zahlreiche Medikamente einnehmen musste und zunehmend Probleme mit der Ern\u00e4hrung bekam, lie\u00df sie sich im Alter von 17 Jahren in eine psychiatrische Einrichtung einweisen. Rund zweieinhalb Monate verbrachte sie dort, ehe sie nach eigener Aussage wieder &#8222;einen gesunden Zugang zum Leben&#8220; fand.<\/p>\n<p>Von der Gespr\u00e4chstherapie zur Energetik<\/p>\n<p data-speakable=\"\">Im Anschluss an den Klinikaufenthalt gelangte Heinzmann \u00fcber Bekannte zu einer Praxis f\u00fcr traditionelle chinesische Medizin, die auf Akupunktur und Energetik spezialisiert ist. Dieser Praxis h\u00e4lt sie bis heute die Treue. &#8222;Ich bin seit \u00fcber 20 Jahren in Therapie und bin \u00fcber all die Jahre in dieser Praxis geblieben. Es ist f\u00fcr mich ein wichtiger Ausgleich \u2013 k\u00f6rperlich und mental \u2013, jemanden zu haben&#8220;, erkl\u00e4rte die Musikerin.<\/p>\n<p data-speakable=\"\">Die Schwerpunkte ihrer Behandlung wandelten sich im Laufe der Zeit grundlegend. Zu Beginn habe sie vor allem Gespr\u00e4chstherapie betrieben, um die Unsicherheiten zu verarbeiten, die ein so fr\u00fcher Erfolg mit sich brachte. Sp\u00e4ter r\u00fcckte die Energetik st\u00e4rker in den Vordergrund. <\/p>\n<p data-speakable=\"\">Dabei wehrt sich Heinzmann gegen eine bestimmte Zuschreibung: &#8222;Menschen neigen dazu, mich als sehr spirituell einzuordnen. Aber ich bin alles andere als esoterisch, sondern ein sehr lebensnaher Mensch.&#8220; Es gehe ihr vielmehr darum, Impulse zu erhalten und besser zu verstehen, was in ihrem K\u00f6rper vor sich gehe.<\/p>\n<p>Aus der Therapie entstand ein ganzes Album<\/p>\n<p data-speakable=\"\">W\u00e4hrend der Coronapandemie vertiefte sich die Beziehung zu ihrer Therapeutin \u00fcber das Professionelle hinaus \u2013 die beiden freundeten sich an. &#8222;Sie ist eine meiner absoluten Lieblingsmenschen auf diesem Planeten. Sie hat meinen ganzen Weg begleitet&#8220;, so Heinzmann.<\/p>\n<p data-speakable=\"\">Irgendwann seien die beiden gemeinsam an ihrem K\u00fcchentisch gesessen und h\u00e4tten ein Konzept f\u00fcr ein komplettes Album entwickelt. Es habe sie Mut gekostet, damit anschlie\u00dfend auf ihre Songwriterinnen und Songwriter zuzugehen \u2013 doch diese seien begeistert gewesen.<\/p>\n<p>Empfehlungen der Redaktion<\/p>\n<p data-speakable=\"\">Das Resultat tr\u00e4gt den Titel &#8222;Circles&#8220;. Jeder einzelne Song repr\u00e4sentiert dabei einen eigenen Lebensabschnitt der S\u00e4ngerin. Ab Oktober geht Heinzmann damit auf Tour durch Deutschland und tritt bewusst in bestuhlten Theatern und Konzerth\u00e4usern auf. Die intime Atmosph\u00e4re dieser Spielst\u00e4tten habe sie gezielt gew\u00e4hlt.<\/p>\n<p data-speakable=\"\">Heinzmann, die nach ihrem Durchbruch bei &#8222;TV total&#8220; auch in TV-Formaten wie &#8222;The Masked Singer&#8220; auf ProSieben und &#8222;Sing meinen Song&#8220; auf Vox zu sehen war, beschreitet damit einen betont pers\u00f6nlichen Weg \u2013 musikalisch wie menschlich. (red)<\/p>\n<p>Verwendete Quelle <\/p>\n<p>\nTeaserbild: \u00a9 IMAGO\/Bildagentur Monn\/IMAGO\/Ervin Monn<\/p>\n","protected":false},"excerpt":{"rendered":"Raab machte sie zum Star Aktualisiert am 10.08.2026, 11:14 Uhr \u00a9 BUNTE Mit 17 landete sie in einer&hellip;\n","protected":false},"author":2,"featured_media":325679,"comment_status":"","ping_status":"","sticky":false,"template":"","format":"standard","meta":{"footnotes":"","_share_on_mastodon":"0"},"categories":[27],"tags":[46,42,175,147,44,176,5009,6524,148],"class_list":["post-325678","post","type-post","status-publish","format-standard","has-post-thumbnail","category-prominente","tag-at","tag-austria","tag-celebrities","tag-entertainment","tag-oesterreich","tag-prominente","tag-stefan-raab","tag-stefanie-heinzmann","tag-unterhaltung"],"share_on_mastodon":{"url":"https:\/\/pubeurope.com\/@at\/117071008758304041","error":""},"_links":{"self":[{"href":"https:\/\/www.europesays.com\/at\/wp-json\/wp\/v2\/posts\/325678","targetHints":{"allow":["GET"]}}],"collection":[{"href":"https:\/\/www.europesays.com\/at\/wp-json\/wp\/v2\/posts"}],"about":[{"href":"https:\/\/www.europesays.com\/at\/wp-json\/wp\/v2\/types\/post"}],"author":[{"embeddable":true,"href":"https:\/\/www.europesays.com\/at\/wp-json\/wp\/v2\/users\/2"}],"replies":[{"embeddable":true,"href":"https:\/\/www.europesays.com\/at\/wp-json\/wp\/v2\/comments?post=325678"}],"version-history":[{"count":0,"href":"https:\/\/www.europesays.com\/at\/wp-json\/wp\/v2\/posts\/325678\/revisions"}],"wp:featuredmedia":[{"embeddable":true,"href":"https:\/\/www.europesays.com\/at\/wp-json\/wp\/v2\/media\/325679"}],"wp:attachment":[{"href":"https:\/\/www.europesays.com\/at\/wp-json\/wp\/v2\/media?parent=325678"}],"wp:term":[{"taxonomy":"category","embeddable":true,"href":"https:\/\/www.europesays.com\/at\/wp-json\/wp\/v2\/categories?post=325678"},{"taxonomy":"post_tag","embeddable":true,"href":"https:\/\/www.europesays.com\/at\/wp-json\/wp\/v2\/tags?post=325678"}],"curies":[{"name":"wp","href":"https:\/\/api.w.org\/{rel}","templated":true}]}}