{"id":327413,"date":"2026-08-11T11:23:09","date_gmt":"2026-08-11T11:23:09","guid":{"rendered":"https:\/\/www.europesays.com\/at\/327413\/"},"modified":"2026-08-11T11:23:09","modified_gmt":"2026-08-11T11:23:09","slug":"ansfeldens-kinder-kochen-gemeinsam-mit-dem-buergermeister","status":"publish","type":"post","link":"https:\/\/www.europesays.com\/at\/327413\/","title":{"rendered":"Ansfeldens Kinder kochen gemeinsam mit dem B\u00fcrgermeister"},"content":{"rendered":"<p> ANSFELDEN. Mehr als 30 Veranstaltungen sorgten bei der Ferienaktion der Stadtgemeinde Ansfelden auch heuer f\u00fcr Abwechslung. Hunderte Kinder nutzten das Programm und konnten in den Ferien Neues ausprobieren. <\/p>\n<p class=\"isSelectedEnd\">Bei einem Kochabenteuer griff auch B\u00fcrgermeister Christian Partoll gemeinsam mit den Kindern zum Kochl\u00f6ffel. Unterst\u00fctzung holte er sich von \u201eFredi\u201c Pointner, dem fr\u00fcheren Chef des Gelben Krokodils in Linz.<\/p>\n<p>Gemeinsam wurde geschnippelt, gebraten und verkostet. Die Kinder konnten selbst mitkochen und verschiedene Handgriffe in der K\u00fcche ausprobieren. \u201eWir haben gemeinsam in Teamwork die K\u00fcche gerockt\u201c, waren sich die Teilnehmer einig.<\/p>\n","protected":false},"excerpt":{"rendered":"ANSFELDEN. Mehr als 30 Veranstaltungen sorgten bei der Ferienaktion der Stadtgemeinde Ansfelden auch heuer f\u00fcr Abwechslung. Hunderte Kinder&hellip;\n","protected":false},"author":2,"featured_media":327414,"comment_status":"","ping_status":"","sticky":false,"template":"","format":"standard","meta":{"footnotes":"","_share_on_mastodon":"0"},"categories":[30],"tags":[30142,46,42,84575,1250,184,44,84576,777],"class_list":["post-327413","post","type-post","status-publish","format-standard","has-post-thumbnail","category-linz","tag-abwechslung","tag-at","tag-austria","tag-ferienaktion","tag-kinder","tag-linz","tag-oesterreich","tag-stadtgemeinde-ansfelden","tag-veranstaltungen"],"share_on_mastodon":{"url":"https:\/\/pubeurope.com\/@at\/117076623728466338","error":""},"_links":{"self":[{"href":"https:\/\/www.europesays.com\/at\/wp-json\/wp\/v2\/posts\/327413","targetHints":{"allow":["GET"]}}],"collection":[{"href":"https:\/\/www.europesays.com\/at\/wp-json\/wp\/v2\/posts"}],"about":[{"href":"https:\/\/www.europesays.com\/at\/wp-json\/wp\/v2\/types\/post"}],"author":[{"embeddable":true,"href":"https:\/\/www.europesays.com\/at\/wp-json\/wp\/v2\/users\/2"}],"replies":[{"embeddable":true,"href":"https:\/\/www.europesays.com\/at\/wp-json\/wp\/v2\/comments?post=327413"}],"version-history":[{"count":0,"href":"https:\/\/www.europesays.com\/at\/wp-json\/wp\/v2\/posts\/327413\/revisions"}],"wp:featuredmedia":[{"embeddable":true,"href":"https:\/\/www.europesays.com\/at\/wp-json\/wp\/v2\/media\/327414"}],"wp:attachment":[{"href":"https:\/\/www.europesays.com\/at\/wp-json\/wp\/v2\/media?parent=327413"}],"wp:term":[{"taxonomy":"category","embeddable":true,"href":"https:\/\/www.europesays.com\/at\/wp-json\/wp\/v2\/categories?post=327413"},{"taxonomy":"post_tag","embeddable":true,"href":"https:\/\/www.europesays.com\/at\/wp-json\/wp\/v2\/tags?post=327413"}],"curies":[{"name":"wp","href":"https:\/\/api.w.org\/{rel}","templated":true}]}}