{"id":331068,"date":"2026-08-13T07:55:14","date_gmt":"2026-08-13T07:55:14","guid":{"rendered":"https:\/\/www.europesays.com\/at\/331068\/"},"modified":"2026-08-13T07:55:14","modified_gmt":"2026-08-13T07:55:14","slug":"anlage-ulmgasse-die-rodel-muss-weichen-weil-schlitten-breiter-werden","status":"publish","type":"post","link":"https:\/\/www.europesays.com\/at\/331068\/","title":{"rendered":"Anlage Ulmgasse: Die Rodel muss weichen, weil Schlitten breiter werden"},"content":{"rendered":"<p>Sportplatz und Rodelh\u00fcgel sollen in der Ulmgasse breiteren Parkpl\u00e4tzen weichen. Einige Bewohner wollen mehr Platz f\u00fcr ihre Autos, andere f\u00fchlen sich \u00fcbergangen.<\/p>\n<p class=\"klz-story-element-paragraph klz-text-copy\" data-testid=\"article-paragraph\">264 Parkpl\u00e4tze bietet die Wohnanlage in der Ulmgasse 14 \u2013 einen f\u00fcr jede Wohnung. Die Zahl soll sich nicht \u00e4ndern, sehr wohl aber die Gr\u00f6\u00dfe. Im Zuge einer Sanierung will man breitere Parkpl\u00e4tze bauen, weil Autos immer breiter werden. Daf\u00fcr muss eine Gr\u00fcnanlage weichen, die momentan noch allen zur Verf\u00fcgung steht. Das ruft Bewohnerinnen und Bewohner auf den Plan. Einige sind dagegen. \u201eWir werden komplett \u00fcbergangen\u201c, \u00e4rgert sich Anrainer Stefan Hammer.<\/p>\n<p><img decoding=\"async\" src=\"https:\/\/www.europesays.com\/at\/wp-content\/uploads\/2026\/08\/Zakynthos20130728_1883.jpg\" alt=\"Ein Mann spricht bei einer Veranstaltung. In der einen Hand h\u00e4lt er ein Mikrofon, in der anderen ein leeres Glas.\" loading=\"lazy\" fetchpriority=\"low\"  class=\"inline-block max-h-[600px] max-w-full h-auto w-auto object-contain\"\/> \u00a9 Paul SpanjaartStefan Hammer ist einer der lautesten Kritiker des Vorhabens in der Ulmgasse<\/p>\n<p class=\"klz-story-element-paragraph klz-text-copy\" data-testid=\"article-paragraph\">Die Parkpl\u00e4tze sind 2,30 Meter breit und sollen die derzeitige Standardgr\u00f6\u00dfe von 2,50 Metern bekommen. F\u00fcr einen H\u00fcgel und einen Fu\u00dfballplatz w\u00e4re dann kein Platz mehr. \u201eDen H\u00fcgel rodeln im Winter die Kinder hinunter\u201c, erz\u00e4hlt Angelika Glauninger, eine der Bewohnerinnen der Anlage, die sich gegen das Vorhaben ausspricht. <\/p>\n<p class=\"klz-story-element-paragraph klz-text-copy\" data-testid=\"article-paragraph\">Die Gr\u00fcnfl\u00e4chen am Grundst\u00fcck sind gemeinschaftliches Eigentum und k\u00f6nnen von allen Bewohnerinnen und Bewohnern genutzt werden. Die Parkpl\u00e4tze sind zwar Wohneinheiten zugeteilt, trotzdem z\u00e4hlen sie zum gemeinschaftlichen Eigentum. Die Frage, wann und wie das umgestaltet werden darf, spaltet die Ulmgasse.<\/p>\n<p><img decoding=\"async\" src=\"https:\/\/www.europesays.com\/at\/wp-content\/uploads\/2026\/08\/image00006.jpeg\" alt=\"Das Bild zeigt einen Fu\u00dfballplatz. Im Vordergrund steht ein Tor. Weiter hinten befindet sich der Rodelh\u00fcgel. Rechts von dem Gr\u00fcnstreifen sind die bestehenden Parkpl\u00e4tze und neben ihnen die Wohnh\u00e4user.\" loading=\"lazy\" fetchpriority=\"low\"  class=\"inline-block max-h-[600px] max-w-full h-auto w-auto object-contain\"\/> \u00a9 KLZ \/ Stefan PajmanAuf dieser Fl\u00e4che sollen k\u00fcnftig Autos parkenUnterschiedliche Auffassungen<\/p>\n<p class=\"klz-story-element-paragraph klz-text-copy\" data-testid=\"article-paragraph\">Die Gegner des Vorhabens berufen sich auf eine Hausordnung. \u00c4nderungen der zur Verf\u00fcgung stehenden Abstellpl\u00e4tze und Gr\u00fcnfl\u00e4chen bed\u00fcrfen der Einstimmigkeit, hei\u00dft es dort schwarz auf wei\u00df. Alle Eigent\u00fcmer m\u00fcssten demnach einverstanden sein. Daran w\u00fcrde der geplante Umbau scheitern. <\/p>\n<p class=\"klz-story-element-paragraph klz-text-copy\" data-testid=\"article-paragraph\">Das Dokument sei nie von den Eigent\u00fcmern als Hausordnung anerkannt worden, sei auch kein Bestandteil der Vertr\u00e4ge und habe somit keine G\u00fcltigkeit, meint die Hausverwaltung Ogris, die f\u00fcr die Anlage zust\u00e4ndig ist. Dem widerspricht Ersteigent\u00fcmer Hammer. Die Hausordnung sei g\u00fcltig, es habe sie von Anfang an gegeben und sie habe sich nie ver\u00e4ndert. Fr\u00fcher soll sie auch im Haus ausgeh\u00e4ngt gewesen sein.<\/p>\n<p class=\"klz-story-element-paragraph klz-text-copy\" data-testid=\"article-paragraph\">Die Hausverwaltung holte stattdessen ein Gutachten ein. Weil sich keine bestehenden Nutzungsrechte ver\u00e4ndern w\u00fcrden, sei ein einstimmiger Beschluss nicht n\u00f6tig, hei\u00dft es darin. Einstimmigkeit sei vor allem dann geboten, wenn sich Eigent\u00fcmervertr\u00e4ge oder die Stellplatzordnung \u00e4ndern oder wenn neue Sonderrechte zugunsten einzelner Eigent\u00fcmer geschaffen w\u00fcrden.<\/p>\n<p class=\"klz-story-element-paragraph klz-text-copy\" data-testid=\"article-paragraph\">Ein weiteres Argument der Parkplatzgegner ist ein <a href=\"https:\/\/www.ris.bka.gv.at\/Dokumente\/Justiz\/JJR_19971209_OGH0002_0050OB00442_97D0000_002\/JJR_19971209_OGH0002_0050OB00442_97D0000_002.pdf\" target=\"_blank\" rel=\"nofollow noopener\">Urteil des Obersten Gerichtshofs<\/a>. Die Umwidmung allgemeiner Fl\u00e4chen und \u00c4nderungen bestehender Nutzungsrechte an Parkpl\u00e4tzen sei nur mit einstimmiger Zustimmung aller Eigent\u00fcmer zul\u00e4ssig, entschied der OGH. Anders als in diesem Fall w\u00fcrden in der Ulmgasse aber keine neuen Parkpl\u00e4tze errichtet, sondern lediglich bestehende verbreitert, weshalb die Erkenntnis nicht angewandt werden k\u00f6nne, h\u00e4lt die Hausverwaltung dazu fest.<\/p>\n<p><img decoding=\"async\" src=\"https:\/\/www.europesays.com\/at\/wp-content\/uploads\/2026\/08\/image00008.jpeg\" alt=\"Das Bild zeigt mehrere Reihen Parkpl\u00e4tze, die durch Baumreihen voneinander getrennt sind.\" loading=\"lazy\" fetchpriority=\"low\"  class=\"inline-block max-h-[600px] max-w-full h-auto w-auto object-contain\"\/> \u00a9 KLZ \/ Stefan PajmanAnlass f\u00fcr die Debatte geben notwendige Sanierungen an den Parkfl\u00e4chenMehrheitsverh\u00e4ltnisse unklar<\/p>\n<p class=\"klz-story-element-paragraph klz-text-copy\" data-testid=\"article-paragraph\">Das Thema war bereits Streitpunkt bei einer Versammlung der Eigent\u00fcmerinnen und Eigent\u00fcmer im Juli. Nur 19 Prozent stimmten f\u00fcr die Erweiterung der Parkpl\u00e4tze, w\u00e4hrend die \u00fcbrigen Anwesenden dagegen stimmten oder keine Stimme abgaben. Es war allerdings nur eine Minderheit anwesend.<\/p>\n<p class=\"klz-story-element-paragraph klz-text-copy\" data-testid=\"article-paragraph\">Ein Umlaufbeschluss soll jetzt Klarheit bringen. Alle Eigent\u00fcmerinnen und Eigent\u00fcmer wurden per Stimmzettel zur Abstimmung gebeten. Noch liege kein Ergebnis vor, teilt die Hausverwaltung Ogris mit. Man werde sich aber jedenfalls an die Abstimmung halten. \u201eWir verstehen uns als Dienstleister der Eigent\u00fcmer. Was die Mehrheit will, werden wir umsetzen\u201c, kommentiert Ogris. <\/p>\n<p class=\"klz-story-element-paragraph klz-text-copy\" data-testid=\"article-paragraph\">Sollte die Abstimmung zugunsten des Vorhabens ausfallen, h\u00e4tten die \u00dcberstimmten einen Monat Zeit, um Einspruch zu erheben. Dann wird ein Gericht endg\u00fcltig entscheiden, wer recht hat. Stefan Hammer plant schon jetzt, gegebenenfalls rechtliche Schritte einzuleiten.<\/p>\n","protected":false},"excerpt":{"rendered":"Sportplatz und Rodelh\u00fcgel sollen in der Ulmgasse breiteren Parkpl\u00e4tzen weichen. Einige Bewohner wollen mehr Platz f\u00fcr ihre Autos,&hellip;\n","protected":false},"author":2,"featured_media":331069,"comment_status":"","ping_status":"","sticky":false,"template":"","format":"standard","meta":{"footnotes":"","_share_on_mastodon":"0"},"categories":[29],"tags":[46,42,85417,183,64214,70702,44,13211,85416],"class_list":["post-331068","post","type-post","status-publish","format-standard","has-post-thumbnail","category-graz","tag-at","tag-austria","tag-eigentuemer","tag-graz","tag-gruenflaeche","tag-hausverwaltung","tag-oesterreich","tag-parkplaetze","tag-rodelhuegel"],"share_on_mastodon":{"url":"https:\/\/pubeurope.com\/@at\/117087130941937176","error":""},"_links":{"self":[{"href":"https:\/\/www.europesays.com\/at\/wp-json\/wp\/v2\/posts\/331068","targetHints":{"allow":["GET"]}}],"collection":[{"href":"https:\/\/www.europesays.com\/at\/wp-json\/wp\/v2\/posts"}],"about":[{"href":"https:\/\/www.europesays.com\/at\/wp-json\/wp\/v2\/types\/post"}],"author":[{"embeddable":true,"href":"https:\/\/www.europesays.com\/at\/wp-json\/wp\/v2\/users\/2"}],"replies":[{"embeddable":true,"href":"https:\/\/www.europesays.com\/at\/wp-json\/wp\/v2\/comments?post=331068"}],"version-history":[{"count":0,"href":"https:\/\/www.europesays.com\/at\/wp-json\/wp\/v2\/posts\/331068\/revisions"}],"wp:featuredmedia":[{"embeddable":true,"href":"https:\/\/www.europesays.com\/at\/wp-json\/wp\/v2\/media\/331069"}],"wp:attachment":[{"href":"https:\/\/www.europesays.com\/at\/wp-json\/wp\/v2\/media?parent=331068"}],"wp:term":[{"taxonomy":"category","embeddable":true,"href":"https:\/\/www.europesays.com\/at\/wp-json\/wp\/v2\/categories?post=331068"},{"taxonomy":"post_tag","embeddable":true,"href":"https:\/\/www.europesays.com\/at\/wp-json\/wp\/v2\/tags?post=331068"}],"curies":[{"name":"wp","href":"https:\/\/api.w.org\/{rel}","templated":true}]}}