{"id":332068,"date":"2026-08-13T17:36:09","date_gmt":"2026-08-13T17:36:09","guid":{"rendered":"https:\/\/www.europesays.com\/at\/332068\/"},"modified":"2026-08-13T17:36:09","modified_gmt":"2026-08-13T17:36:09","slug":"nachfrage-zog-deutlich-an-bio-umsaetze-stiegen-in-oesterreich-auf-34-milliarden-euro-leadersnet","status":"publish","type":"post","link":"https:\/\/www.europesays.com\/at\/332068\/","title":{"rendered":"Nachfrage zog deutlich an &#8211; Bio-Ums\u00e4tze stiegen in \u00d6sterreich auf 3,4 Milliarden Euro \u00bb Leadersnet"},"content":{"rendered":"<p>Der \u00f6sterreichische Bio-Markt ist 2025 um 7,4 Prozent gewachsen und damit deutlich st\u00e4rker als die Inflation. Besonders dynamisch entwickelte sich die Gastronomie.<\/p>\n<p>Der Bio-Markt in \u00d6sterreich hat im Vorjahr wieder deutlich an Dynamik gewonnen. Nach der aktuellen Umsatzanalyse der AMA-Marketing wurden im vergangenen Jahr Bio-Lebensmittel im Wert von rund 3,4 Milliarden Euro verkauft. Gegen\u00fcber 2024 entspricht das einem Plus von 7,4 Prozent.\u00a0 Damit war der Zuwachs 2025 doppelt so hoch wie 2024.<\/p>\n<p>Auch lag das Umsatzwachstum deutlich \u00fcber der vorj\u00e4hrigen Inflationsrate von 3,7 Prozent. Nach Einsch\u00e4tzung der AMA-Marketing l\u00e4sst sich die Entwicklung daher nicht allein durch h\u00f6here Preise erkl\u00e4ren, sondern auch durch einen gestiegenen Absatz von Bio-Produkten. &#8222;Die Zahlen zeigen, dass Bio nach den herausfordernden vergangenen Jahren wieder deutlich an Dynamik gewonnen hat&#8220;, sagt\u00a0Christina Mutenthaler-Sipek, Gesch\u00e4ftsf\u00fchrerin der AMA-Marketing. Besonders erfreulich sei, dass die Nachfrage nicht nur im Lebensmittelhandel, sondern auch in der Gastronomie sowie im Direktvertrieb und Fachhandel zugelegt habe.<\/p>\n<p>Lebensmittelhandel bleibt wichtigster Absatzkanal<\/p>\n<p>Mit einem Anteil von rund 80 Prozent wird der mit Abstand gr\u00f6\u00dfte Teil des \u00f6sterreichischen Bio-Umsatzes weiterhin im Lebensmitteleinzelhandel erwirtschaftet. Auf Direktvertrieb und Fachhandel entfallen zw\u00f6lf Prozent, die Gastronomie kommt auf acht Prozent. Im Lebensmitteleinzelhandel erreichte der Bio-Anteil bei Lebensmitteln und Getr\u00e4nken 2025 wieder elf Prozent \u2013\u00a0nach 10,7 Prozent im Jahr 2024 und 10,5 Prozent im Jahr 2023. Damit kehrte der Bio-Anteil in den Superm\u00e4rkten auf das hohe Niveau der Corona-Jahre 2021 und 2022 zur\u00fcck. In dieser Zeit hatte die Nachfrage nach Bio-Produkten sowohl im Handel als auch im Direktvertrieb und Fachhandel besonders stark zugelegt.<\/p>\n<p>Nach der zwischenzeitlichen Abschw\u00e4chung verzeichnete zuletzt auch der Bereich au\u00dferhalb des klassischen Lebensmitteleinzelhandels wieder Wachstum. Im Direktvertrieb und im Fachhandel stieg der Bio-Anteil laut AMA-Marketing auf 23 Prozent.<\/p>\n<p>Gastronomie holt auf<\/p>\n<p>Besonders dynamisch entwickelte sich zuletzt die Gastronomie. Der Bio-Anteil ist dort in den vergangenen Jahren kontinuierlich gestiegen und erreichte 2025 mittlerweile 4,5 Prozent.\u00a0Die Zahlen zeigen damit eine breite Erholung des Bio-Marktes \u00fcber die unterschiedlichen Vertriebskan\u00e4le hinweg. Neben dem dominierenden Lebensmittelhandel tragen Direktvertrieb, Fachhandel und zunehmend auch die Gastronomie zum Wachstum bei. &#8222;Die\u00a0Konsument:innen greifen wieder bewusster zu Bio \u2013 ein wichtiges Signal f\u00fcr die gesamte Bio-Wertsch\u00f6pfungskette&#8220;, so Mutenthaler-Sipek.<\/p>\n<p><a href=\"https:\/\/amainfo.at\/de-at\" target=\"_blank\" rel=\"noopener nofollow\">www.amainfo.at<\/a><\/p>\n","protected":false},"excerpt":{"rendered":"Der \u00f6sterreichische Bio-Markt ist 2025 um 7,4 Prozent gewachsen und damit deutlich st\u00e4rker als die Inflation. Besonders dynamisch&hellip;\n","protected":false},"author":2,"featured_media":332069,"comment_status":"","ping_status":"","sticky":false,"template":"","format":"standard","meta":{"footnotes":"","_share_on_mastodon":"0"},"categories":[14],"tags":[28387,46,42,18968,18969,95,90,89,4884,1673,91,94,44,93,92],"class_list":["post-332068","post","type-post","status-publish","format-standard","has-post-thumbnail","category-unternehmen-maerkte","tag-ama-marketing","tag-at","tag-austria","tag-bio","tag-bio-produkte","tag-business","tag-companies","tag-companies-markets","tag-gastronomie","tag-lebensmittelhandel","tag-markets","tag-maerkte","tag-oesterreich","tag-unternehmen","tag-unternehmen-maerkte"],"share_on_mastodon":{"url":"","error":""},"_links":{"self":[{"href":"https:\/\/www.europesays.com\/at\/wp-json\/wp\/v2\/posts\/332068","targetHints":{"allow":["GET"]}}],"collection":[{"href":"https:\/\/www.europesays.com\/at\/wp-json\/wp\/v2\/posts"}],"about":[{"href":"https:\/\/www.europesays.com\/at\/wp-json\/wp\/v2\/types\/post"}],"author":[{"embeddable":true,"href":"https:\/\/www.europesays.com\/at\/wp-json\/wp\/v2\/users\/2"}],"replies":[{"embeddable":true,"href":"https:\/\/www.europesays.com\/at\/wp-json\/wp\/v2\/comments?post=332068"}],"version-history":[{"count":0,"href":"https:\/\/www.europesays.com\/at\/wp-json\/wp\/v2\/posts\/332068\/revisions"}],"wp:featuredmedia":[{"embeddable":true,"href":"https:\/\/www.europesays.com\/at\/wp-json\/wp\/v2\/media\/332069"}],"wp:attachment":[{"href":"https:\/\/www.europesays.com\/at\/wp-json\/wp\/v2\/media?parent=332068"}],"wp:term":[{"taxonomy":"category","embeddable":true,"href":"https:\/\/www.europesays.com\/at\/wp-json\/wp\/v2\/categories?post=332068"},{"taxonomy":"post_tag","embeddable":true,"href":"https:\/\/www.europesays.com\/at\/wp-json\/wp\/v2\/tags?post=332068"}],"curies":[{"name":"wp","href":"https:\/\/api.w.org\/{rel}","templated":true}]}}