{"id":333354,"date":"2026-08-14T09:42:07","date_gmt":"2026-08-14T09:42:07","guid":{"rendered":"https:\/\/www.europesays.com\/at\/333354\/"},"modified":"2026-08-14T09:42:07","modified_gmt":"2026-08-14T09:42:07","slug":"europa-glaenzt-mit-rueckstaendigkeit-was-europas-langweilige-aktien-so-spannend-macht","status":"publish","type":"post","link":"https:\/\/www.europesays.com\/at\/333354\/","title":{"rendered":"&#8222;Europa gl\u00e4nzt mit R\u00fcckst\u00e4ndigkeit&#8220;: Was Europas &#8222;langweilige&#8220; Aktien so spannend macht"},"content":{"rendered":"<p>&#8222;Europa gl\u00e4nzt mit R\u00fcckst\u00e4ndigkeit&#8220;Was Europas &#8222;langweilige&#8220; Aktien so spannend macht14.08.2026, 11:15 Uhr<\/p>\n<p class=\"Typography_text-m__XI0da Typography_weight-normal__pqUbH\">Europa hat keine Nvidia, keine Amazon, keine Meta &#8211; und genau das k\u00f6nnte jetzt zum Vorteil werden. W\u00e4hrend in den USA viel Geld an wenigen Tech-Giganten h\u00e4ngt, gewinnen Europas Banken, Industrie-, Pharma- und Energiewerte an Attraktivit\u00e4t. Pl\u00f6tzlich ist wird &#8222;langweilig&#8220; zum Qualit\u00e4tssiegel.<\/p>\n","protected":false},"excerpt":{"rendered":"&#8222;Europa gl\u00e4nzt mit R\u00fcckst\u00e4ndigkeit&#8220;Was Europas &#8222;langweilige&#8220; Aktien so spannend macht14.08.2026, 11:15 Uhr Europa hat keine Nvidia, keine Amazon,&hellip;\n","protected":false},"author":2,"featured_media":333355,"comment_status":"","ping_status":"","sticky":false,"template":"","format":"standard","meta":{"footnotes":"","_share_on_mastodon":"0"},"categories":[3],"tags":[85899,76,75,74,29754],"class_list":["post-333354","post","type-post","status-publish","format-standard","has-post-thumbnail","category-europa","tag-deutsche-boerse","tag-eu","tag-europa","tag-europe","tag-technologiekonzerne"],"share_on_mastodon":{"url":"https:\/\/pubeurope.com\/@at\/117093213337650180","error":""},"_links":{"self":[{"href":"https:\/\/www.europesays.com\/at\/wp-json\/wp\/v2\/posts\/333354","targetHints":{"allow":["GET"]}}],"collection":[{"href":"https:\/\/www.europesays.com\/at\/wp-json\/wp\/v2\/posts"}],"about":[{"href":"https:\/\/www.europesays.com\/at\/wp-json\/wp\/v2\/types\/post"}],"author":[{"embeddable":true,"href":"https:\/\/www.europesays.com\/at\/wp-json\/wp\/v2\/users\/2"}],"replies":[{"embeddable":true,"href":"https:\/\/www.europesays.com\/at\/wp-json\/wp\/v2\/comments?post=333354"}],"version-history":[{"count":0,"href":"https:\/\/www.europesays.com\/at\/wp-json\/wp\/v2\/posts\/333354\/revisions"}],"wp:featuredmedia":[{"embeddable":true,"href":"https:\/\/www.europesays.com\/at\/wp-json\/wp\/v2\/media\/333355"}],"wp:attachment":[{"href":"https:\/\/www.europesays.com\/at\/wp-json\/wp\/v2\/media?parent=333354"}],"wp:term":[{"taxonomy":"category","embeddable":true,"href":"https:\/\/www.europesays.com\/at\/wp-json\/wp\/v2\/categories?post=333354"},{"taxonomy":"post_tag","embeddable":true,"href":"https:\/\/www.europesays.com\/at\/wp-json\/wp\/v2\/tags?post=333354"}],"curies":[{"name":"wp","href":"https:\/\/api.w.org\/{rel}","templated":true}]}}